{"id":84154,"date":"2025-05-16T14:38:32","date_gmt":"2025-05-16T17:38:32","guid":{"rendered":"https:\/\/pdt-rj.org.br\/?p=84154"},"modified":"2025-06-16T12:22:49","modified_gmt":"2025-06-16T15:22:49","slug":"rodrigo-neves-anuncia-novas-obras-em-balanco-de-100-dias-de-governo-em-niteroi","status":"publish","type":"post","link":"https:\/\/pdt-rj.org.br\/index.php\/rodrigo-neves-anuncia-novas-obras-em-balanco-de-100-dias-de-governo-em-niteroi\/","title":{"rendered":"Rodrigo Neves anuncia novas obras em balan\u00e7o de 100 dias de governo em Niter\u00f3i"},"content":{"rendered":"<p><strong>Gestor destaca investimentos em mobilidade, redu\u00e7\u00e3o de tarifas, mais m\u00e9dicos e melhorias na educa\u00e7\u00e3o <\/strong><\/p>\n<p>O prefeito de Niter\u00f3i (RJ), Rodrigo Neves (PDT), anunciou nesta quarta-feira (14) o in\u00edcio do financiamento para a constru\u00e7\u00e3o da primeira etapa do VLT (Ve\u00edculo Leve sobre Trilhos), que vai ligar a Zona Norte ao novo Centro da cidade. O projeto inclui ainda a moderniza\u00e7\u00e3o da Avenida Amaral Peixoto, a constru\u00e7\u00e3o de um centro de conven\u00e7\u00f5es e de uma marina. O avan\u00e7o foi poss\u00edvel ap\u00f3s a regulariza\u00e7\u00e3o de uma antiga d\u00edvida do munic\u00edpio com o Tesouro Nacional.<\/p>\n<div data-breakout=\"normal\">\n<p id=\"viewer-nib9j1480\" class=\"e3Vej UGrRC d-MNq GX0-h\" dir=\"auto\"><span class=\"eKaei\">Ao prestar contas dos pouco mais de 100 dias desde a posse no seu 3\u00ba. mandato, Rodrigo disse aos integrantes do diret\u00f3rio municipal e dos movimentos partid\u00e1rios que pesquisa rec\u00e9m realizada mostrou que a aprova\u00e7\u00e3o do novo governo j\u00e1 atinge a 70% da popula\u00e7\u00e3o. \u201cNesses 100 dias avan\u00e7amos mais do que imagin\u00e1vamos\u201d, disse, explicando que as campanhas pol\u00edticas n\u00e3o param mais nas redes sociais diante da cont\u00ednua difus\u00e3o de fake News pelos advers\u00e1rios.<\/span><\/p>\n<\/div>\n<div data-breakout=\"normal\">\n<p id=\"viewer-0x2wu1483\" class=\"e3Vej UGrRC d-MNq GX0-h\" dir=\"auto\"><span class=\"eKaei\">\u201cO Trabalhismo mudou Niter\u00f3i e \u00e9 a principal for\u00e7a pol\u00edtica da cidade h\u00e1 40 anos, somando as gest\u00f5es desde a primeira elei\u00e7\u00e3o de Jorge Roberto Silveira, em 1988. Est\u00e3o a\u00ed o MAC, o t\u00fanel Charitas \u2013 Cafub\u00e1; o Caminho Niemeyer; o terminal rodovi\u00e1rio Jo\u00e3o Goular; o programa M\u00e9dico de Fam\u00edlia; o hospital oce\u00e2nico Gilson Cantarino; as novas escolas p\u00fablicas e por conta deste conjunto de realiza\u00e7\u00f5es \u00e9 importante o enfrentamento com nossos advers\u00e1rios. Nos atacam at\u00e9 pela mudan\u00e7a de lugar da est\u00e1tua do Ararib\u00f3ia\u201d, afirmou o gestor. <\/span>E acrescentou: \u201c\u00c9 fundamental que fa\u00e7amos enfrentamento permanente nas redes para que as mentiras dos advers\u00e1rios n\u00e3o prevale\u00e7am. \u00c9 importante que estejamos informados sobre tudo o que acontece em nosso campo\u201d, frisou, reiterando a import\u00e2ncia da busca das informa\u00e7\u00f5es sobre a gest\u00e3o municipal, em fontes seguras.<\/p>\n<\/div>\n<div data-breakout=\"normal\">\n<p id=\"viewer-ip4b81489\" class=\"e3Vej UGrRC d-MNq GX0-h\" dir=\"auto\"><span class=\"eKaei\">Sobre Educa\u00e7\u00e3o, o pedetista informou que foram feitas 4.500 matr\u00edculas na rede p\u00fablica municipal neste in\u00edcio de ano que j\u00e1 atende a 35 mil crian\u00e7as, destacando que na faixa de zero a tr\u00eas anos de idade, onde em munic\u00edpios pr\u00f3ximos \u00e9 grande o d\u00e9ficit de vagas, em Niter\u00f3i \u201cn\u00e3o existe mais nenhuma crian\u00e7a fora da escola\u201d. Rodrigo repetiu frase frequentemente utilizada por Brizola, fundador do PDT, bem como pelo professor Darcy Ribeiro, idealizador dos Cieps: \u201cDireito para todos, privil\u00e9gios s\u00f3 para as crian\u00e7as\u201d. <\/span>Afirmou tamb\u00e9m que 100% das salas de aula das escolas p\u00fablicas de Niter\u00f3i j\u00e1 s\u00e3o climatizadas e a distribui\u00e7\u00e3o de uniformes e material escolar gratuito para os alunos tornou-se realidade indiscut\u00edvel.<\/p>\n<\/div>\n<div data-breakout=\"normal\">\n<p id=\"viewer-vq85h1498\" class=\"e3Vej UGrRC d-MNq GX0-h\" dir=\"auto\"><span class=\"eKaei\">Como outra realiza\u00e7\u00e3o dos 100 dias iniciais da atual gest\u00e3o, Rodrigo citou a redu\u00e7\u00e3o do pre\u00e7o da passagem do catamar\u00e3 de Charitas de 21 reais para R$ 7,70 fato que, segundo ele, \u201ctirou de circula\u00e7\u00e3o do centro de Niter\u00f3i 6 mil autom\u00f3veis\u201d. A redu\u00e7\u00e3o da passagem, luta antiga do prefeito junto a operadora do catamar\u00e3 desde a inaugura\u00e7\u00e3o do t\u00fanel Charitas \u2013 Cafub\u00e1, foi obtida, segundo ele, pelas gest\u00f5es do deputado Vitor J\u00fanior, presente \u00e0 reuni\u00e3o, junto ao governo estadual.<\/span><\/p>\n<\/div>\n<div data-breakout=\"normal\">\n<p id=\"viewer-2hbnz1502\" class=\"e3Vej UGrRC d-MNq GX0-h\" dir=\"auto\"><span class=\"eKaei\">Outra realiza\u00e7\u00e3o foi a entrega \u00e0 popula\u00e7\u00e3o do Hospital e Maternidade Alzira Reis, tamb\u00e9m em Charitas, \u201cque eleva para novo patamar o atendimento em hospital p\u00fablico para as mulheres trabalhadoras porque j\u00e1 \u00e9 a melhor maternidade p\u00fablica da regi\u00e3o\u201d, afirmou, citando tamb\u00e9m a entrega ontem, no Morro do C\u00e9u, do novo posto do programa M\u00e9dico de Fam\u00edlia \u2013 totalmente reformado.<\/span><\/p>\n<\/div>\n<div data-breakout=\"normal\">\n<p id=\"viewer-1abeg1505\" class=\"e3Vej UGrRC d-MNq GX0-h\" dir=\"auto\"><span class=\"eKaei\">\u201cNa campanha prometi que contrataria mais 200 m\u00e9dicos nos pr\u00f3ximos quatro anos de mandato, mas a realidade nos ultrapassou: nesses quatro meses j\u00e1 contratamos 267 m\u00e9dicos\u201d, afirmou o prefeito.<\/span><\/p>\n<\/div>\n<div data-breakout=\"normal\">\n<p id=\"viewer-4uwih1508\" class=\"e3Vej UGrRC d-MNq GX0-h\" dir=\"auto\"><span class=\"eKaei\">Ainda como avan\u00e7o nesses primeiros meses, citou a expans\u00e3o do Niter\u00f3i Bike e a retirada de mais de 45 toneladas de fios sem uso dos postes da cidade. Tamb\u00e9m afirmou que, no pr\u00f3ximo dia 16 de junho, vai iniciar o que definiu como \u201camplo processo de consulta \u00e0 popula\u00e7\u00e3o\u201d para elaborar novo plano estrat\u00e9gico para Niter\u00f3i de curto, m\u00e9dio e longo prazos; atualizando o plano de 2013; tendo em vista a Niter\u00f3i de 2050.<\/span><\/p>\n<\/div>\n<div data-breakout=\"normal\">\n<p id=\"viewer-56oqq1511\" class=\"e3Vej UGrRC d-MNq GX0-h\" dir=\"auto\"><span class=\"eKaei\">\u201cTamb\u00e9m vamos lan\u00e7ar um pacto contra a viol\u00eancia com foco em novas pol\u00edticas p\u00fablicas voltadas para a juventude para prevenir o desvio da viol\u00eancia\u201d, al\u00e9m de outros projetos que definiu como \u201cestruturantes\u201d para a cidade, como as linhas do VLT.<\/span><\/p>\n<\/div>\n<div data-breakout=\"normal\">\n<p id=\"viewer-deaqz1514\" class=\"e3Vej UGrRC d-MNq GX0-h\" dir=\"auto\"><span class=\"eKaei\">Outro projeto importante come\u00e7a agora no segundo semestre, o \u201cNova Vida no Morro\u201d, com o objetivo de sanear as 80 favelas da cidade onde vivem 25% da popula\u00e7\u00e3o e prev\u00ea, al\u00e9m do saneamento das comunidades, obras de conten\u00e7\u00e3o de encostas e constru\u00e7\u00e3o de banheiros e rebocos nas casas. Anunciou ainda para o in\u00edcio do segundo semestre deste ano o projeto \u201cRecome\u00e7o\u201d, para atendimento e recupera\u00e7\u00e3o de dependentes qu\u00edmicos.<\/span><\/p>\n<\/div>\n<div data-breakout=\"normal\">\n<p id=\"viewer-0xltx1517\" class=\"e3Vej UGrRC d-MNq GX0-h\" dir=\"auto\">Rodrigo destacou ainda que, a partir do segundo semestre, entrar\u00e1 em funcionamento o projeto \u201cCais\u201d, voltado ao atendimento de fam\u00edlias em situa\u00e7\u00e3o de vulnerabilidade e crian\u00e7as autistas \u2014 iniciativa lembrada durante a reuni\u00e3o por sua esposa, Fernanda Sixel.<\/p>\n<\/div>\n<div data-breakout=\"normal\">\n<p id=\"viewer-7ixaw1520\" class=\"e3Vej UGrRC d-MNq GX0-h\" dir=\"auto\"><span class=\"eKaei\">\u201cN\u00e3o chegamos aqui sozinhos, sem voc\u00eas, sem os secret\u00e1rios municipais, n\u00e3o ter\u00edamos chegado aqui. \u00c9 importante que cada um divulgue as a\u00e7\u00f5es do governo n\u00e3o apenas em suas \u00e1reas, mas em todas as \u00e1reas. Temos que ter essa preocupa\u00e7\u00e3o coletiva de defesa das a\u00e7\u00f5es do PDT, do Trabalhismo, porque com as redes sociais enfrentamos nova realidade: terminou a elei\u00e7\u00e3o, mas a luta pol\u00edtica agora \u00e9 di\u00e1ria, \u00e9 preciso o debate, o falar coletivo\u201d, reiterou.<\/span><\/p>\n<\/div>\n<div data-breakout=\"normal\">\n<p id=\"viewer-1b6c51523\" class=\"e3Vej UGrRC d-MNq GX0-h\" dir=\"auto\"><span class=\"eKaei\">Rodrigo passou a palavra ao deputado Vitor J\u00fanior, que anunciou sua disposi\u00e7\u00e3o de disputar vaga de deputado federal ao mesmo tempo em que lan\u00e7ava a candidatura de Fernanda Sixel, mulher de Rodrigo, para a Alerj. Sobre a cidade, Vitor Junior confirmou que ser\u00e1 constru\u00eddo no Caio Martins uma grande cisterna para receber as \u00e1guas que h\u00e1 d\u00e9cadas inundam a avenida Roberto Silveira porque, na sua segunda etapa, o VLT ligar\u00e1 a Regi\u00e3o Oce\u00e2nica ao Centro passando pela Roberto Silveira e, por isso, \u00e9 preciso acabar de vez com as enchentes.<\/span><\/p>\n<\/div>\n<div data-hook=\"rcv-block35\">Vitor J\u00fanior falou sobre os conv\u00eanios com o Estado, citou a redu\u00e7\u00e3o da passagem do catamar\u00e3 e as negocia\u00e7\u00f5es com o governador que cedeu, para a gest\u00e3o da prefeitura, os pr\u00f3prios da antiga capital fluminense como os pal\u00e1cios do Ing\u00e1 e o S\u00e3o Domingos, este \u00faltimo sede da antiga secretaria de fazenda do antigo Estado do Rio. \u201cOs pr\u00f3prios do antigo Estado est\u00e3o todos \u00e0 disposi\u00e7\u00e3o da Prefeitura\u201d, segundo o governador.<\/div>\n<div data-hook=\"rcv-block35\"><\/div>\n<div data-hook=\"rcv-block37\">Um dos oradores inscritos, quando a palavra foi aberta, foi o militante hist\u00f3rico do PDT Paulinho, de Itaipu, que lembrou aos presentes, falando sobre a candidatura de Fernanda Sixel que o seu tio, Cezar March, foi um fervoroso brizolista, pedetista hist\u00f3rico, que muito honrou o partido e, por isto, sua candidatura a deputada era natural.<\/div>\n<div data-hook=\"rcv-block37\"><\/div>\n<div data-hook=\"rcv-block37\">Rodrigo Neves tamb\u00e9m informou que, no pr\u00f3ximo dia 20, segue novamente para Bras\u00edlia para participar de reuni\u00e3o da executiva nacional do PDT. Aproveitou para solicitar aos integrantes do diret\u00f3rio e aos l\u00edderes e dirigentes dos movimentos partid\u00e1rios presentes que aprovassem nota de solidariedade ao ex-ministro da Previd\u00eancia Carlos Lupi \u2014 por conta da crise do INSS provocada pelas fraudes herdadas das administra\u00e7\u00f5es anteriores. Rodrigo foi prontamente atendido.<\/div>\n<!-- AddThis Advanced Settings generic via filter on the_content --><!-- AddThis Share Buttons generic via filter on the_content -->","protected":false},"excerpt":{"rendered":"<p>Gestor destaca investimentos em mobilidade, redu\u00e7\u00e3o de tarifas, mais m\u00e9dicos e melhorias na educa\u00e7\u00e3o O prefeito de Niter\u00f3i (RJ), Rodrigo Neves (PDT), anunciou nesta quarta-feira (14) o in\u00edcio do financiamento para a constru\u00e7\u00e3o da primeira etapa do VLT (Ve\u00edculo Leve sobre Trilhos), que vai ligar a Zona Norte ao novo Centro da cidade. O projeto&#8230;<!-- AddThis Advanced Settings generic via filter on wp_trim_excerpt --><!-- AddThis Share Buttons generic via filter on wp_trim_excerpt --><\/p>\n","protected":false},"author":17,"featured_media":84186,"comment_status":"closed","ping_status":"closed","sticky":false,"template":"","format":"standard","meta":{"_monsterinsights_skip_tracking":false,"_monsterinsights_sitenote_active":false,"_monsterinsights_sitenote_note":"","_monsterinsights_sitenote_category":0,"_uf_show_specific_survey":0,"_uf_disable_surveys":false,"footnotes":""},"categories":[1390,1402],"tags":[],"class_list":["post-84154","post","type-post","status-publish","format-standard","has-post-thumbnail","hentry","category-editorias","category-cidades"],"acf":[],"_links":{"self":[{"href":"https:\/\/pdt-rj.org.br\/index.php\/wp-json\/wp\/v2\/posts\/84154","targetHints":{"allow":["GET"]}}],"collection":[{"href":"https:\/\/pdt-rj.org.br\/index.php\/wp-json\/wp\/v2\/posts"}],"about":[{"href":"https:\/\/pdt-rj.org.br\/index.php\/wp-json\/wp\/v2\/types\/post"}],"author":[{"embeddable":true,"href":"https:\/\/pdt-rj.org.br\/index.php\/wp-json\/wp\/v2\/users\/17"}],"replies":[{"embeddable":true,"href":"https:\/\/pdt-rj.org.br\/index.php\/wp-json\/wp\/v2\/comments?post=84154"}],"version-history":[{"count":2,"href":"https:\/\/pdt-rj.org.br\/index.php\/wp-json\/wp\/v2\/posts\/84154\/revisions"}],"predecessor-version":[{"id":84164,"href":"https:\/\/pdt-rj.org.br\/index.php\/wp-json\/wp\/v2\/posts\/84154\/revisions\/84164"}],"wp:featuredmedia":[{"embeddable":true,"href":"https:\/\/pdt-rj.org.br\/index.php\/wp-json\/wp\/v2\/media\/84186"}],"wp:attachment":[{"href":"https:\/\/pdt-rj.org.br\/index.php\/wp-json\/wp\/v2\/media?parent=84154"}],"wp:term":[{"taxonomy":"category","embeddable":true,"href":"https:\/\/pdt-rj.org.br\/index.php\/wp-json\/wp\/v2\/categories?post=84154"},{"taxonomy":"post_tag","embeddable":true,"href":"https:\/\/pdt-rj.org.br\/index.php\/wp-json\/wp\/v2\/tags?post=84154"}],"curies":[{"name":"wp","href":"https:\/\/api.w.org\/{rel}","templated":true}]}}