{"id":84110,"date":"2025-03-21T10:41:51","date_gmt":"2025-03-21T13:41:51","guid":{"rendered":"https:\/\/pdt-rj.org.br\/?p=84110"},"modified":"2025-04-05T11:47:45","modified_gmt":"2025-04-05T14:47:45","slug":"carlos-lupi-debate-acesso-a-direitos-previdenciarios-com-trabalhadores-aquaviarios","status":"publish","type":"post","link":"https:\/\/pdt-rj.org.br\/index.php\/carlos-lupi-debate-acesso-a-direitos-previdenciarios-com-trabalhadores-aquaviarios\/","title":{"rendered":"Carlos Lupi debate acesso a direitos previdenci\u00e1rios com trabalhadores aquavi\u00e1rios"},"content":{"rendered":"<p><strong>No RJ, ministro exp\u00f5e a\u00e7\u00f5es integradas com INSS para qualificar os servi\u00e7os federais<\/strong><\/p>\n<p>O ministro da Previd\u00eancia Social, Carlos Lupi, debateu o acesso a direitos previdenci\u00e1rios, como a aposentadoria especial, com os trabalhadores aquavi\u00e1rios no Rio de Janeiro (RJ). Nesta sexta-feira (21), o encontro reuniu lideran\u00e7as sindicais na sede da Federa\u00e7\u00e3o Nacional dos Trabalhadores em Transportes Aquavi\u00e1rios e Afins (FNTTAA).<\/p>\n<p>Incluindo marinheiros, pescadores e outros profissionais que atuam em embarca\u00e7\u00f5es em alto mar ou em \u00e1guas interiores, como mares fechados, rios e lagos, a categoria conta com regulamenta\u00e7\u00f5es espec\u00edficas, pois exercem atividades sujeitas a condi\u00e7\u00f5es prejudiciais \u00e0 sa\u00fade ou \u00e0 integridade f\u00edsica.<\/p>\n<p>Considerando a normativa do INSS, a comprova\u00e7\u00e3o de segurado especial \u00e9 baseada no Perfil Profissiogr\u00e1fico Previdenci\u00e1rio (PPP), cuja emiss\u00e3o \u00e9 obriga\u00e7\u00e3o do empregador ou gestor e redigido por um m\u00e9dico ou engenheiro do trabalho. A partir de 2023, foi implementado o PPP-eletr\u00f4nico, que permitiu a digitaliza\u00e7\u00e3o de todo o hist\u00f3rico laboral do trabalhador a partir o cruzamento com o eSocial.<\/p>\n<p>Segundo o ministro Lupi, o governo federal tem implementado a\u00e7\u00f5es para modernizar e agilizar o processo de concess\u00e3o dos benef\u00edcios. Com os investimentos em novos sistemas, melhorias na infraestrutura e a convoca\u00e7\u00e3o de servidores nos \u00faltimos tr\u00eas anos, a Previd\u00eancia Social reduziu o tempo m\u00e9dio para conclus\u00e3o das solicita\u00e7\u00f5es, bem como ampliou os canais de atendimento, tanto pela internet quanto presencial.<\/p>\n<p>\u201cDesde 2023, iniciamos um processo de reestrutura\u00e7\u00e3o e moderniza\u00e7\u00e3o que permitiu ao trabalhador e ao empregador um acesso mais eficiente, pr\u00e1tico e r\u00e1pido aos servi\u00e7os do INSS e da Per\u00edcia M\u00e9dica Federal. Pelo computador ou celular, \u00e9 poss\u00edvel enviar documentos, como um atestado ou o PPP, e receber o retorno em um curto per\u00edodo\u201d, afirmou o ministro.<\/p>\n<p>\u201cCom a redu\u00e7\u00e3o dos prazos, garantimos que o benefici\u00e1rio utilize os recursos no momento que mais precisa. \u00c9 o compromisso do maior programa social do mundo: dar direito para quem tem direito\u201d, concluiu, ao enfatizar a import\u00e2ncia da parceria com os sindicatos.<\/p>\n<p>Para o presidente da FNTTAA, Ricardo Ponzi, o setor tem uma hist\u00f3ria de contribui\u00e7\u00e3o para o desenvolvimento do pa\u00eds e pode representar um diferencial para o futuro do sistema previdenci\u00e1rio.<\/p>\n<p>\u201cA amplia\u00e7\u00e3o do transporte aquavi\u00e1rio pode diminuir o volume de acidentes nas estradas. Consequentemente, reduz o impacto na Previd\u00eancia Social\u201d, explicou.<\/p>\n<p>Entre os presentes, a secret\u00e1ria municipal de Assist\u00eancia Social (Smas), Martha Rocha; o subsecret\u00e1rio da Smas, Leo Lupi; o presidente do Sindicato Nacional dos Oficiais de Marinha Mercante (Sindmar), Carlos M\u00fcller, e o presidente do Sindicato Nacional dos Tripulantes N\u00e3o Aquavi\u00e1rios em Embarca\u00e7\u00f5es Mar\u00edtimas (SINDEXTRAROL), Marcus Balbino.<\/p>\n<!-- AddThis Advanced Settings generic via filter on the_content --><!-- AddThis Share Buttons generic via filter on the_content -->","protected":false},"excerpt":{"rendered":"<p>No RJ, ministro exp\u00f5e a\u00e7\u00f5es integradas com INSS para qualificar os servi\u00e7os federais O ministro da Previd\u00eancia Social, Carlos Lupi, debateu o acesso a direitos previdenci\u00e1rios, como a aposentadoria especial, com os trabalhadores aquavi\u00e1rios no Rio de Janeiro (RJ). Nesta sexta-feira (21), o encontro reuniu lideran\u00e7as sindicais na sede da Federa\u00e7\u00e3o Nacional dos Trabalhadores em&#8230;<!-- AddThis Advanced Settings generic via filter on wp_trim_excerpt --><!-- AddThis Share Buttons generic via filter on wp_trim_excerpt --><\/p>\n","protected":false},"author":17,"featured_media":84112,"comment_status":"closed","ping_status":"closed","sticky":false,"template":"","format":"standard","meta":{"_monsterinsights_skip_tracking":false,"_monsterinsights_sitenote_active":false,"_monsterinsights_sitenote_note":"","_monsterinsights_sitenote_category":0,"_uf_show_specific_survey":0,"_uf_disable_surveys":false,"footnotes":""},"categories":[1390,1401],"tags":[],"class_list":["post-84110","post","type-post","status-publish","format-standard","has-post-thumbnail","hentry","category-editorias","category-nacional"],"acf":[],"_links":{"self":[{"href":"https:\/\/pdt-rj.org.br\/index.php\/wp-json\/wp\/v2\/posts\/84110","targetHints":{"allow":["GET"]}}],"collection":[{"href":"https:\/\/pdt-rj.org.br\/index.php\/wp-json\/wp\/v2\/posts"}],"about":[{"href":"https:\/\/pdt-rj.org.br\/index.php\/wp-json\/wp\/v2\/types\/post"}],"author":[{"embeddable":true,"href":"https:\/\/pdt-rj.org.br\/index.php\/wp-json\/wp\/v2\/users\/17"}],"replies":[{"embeddable":true,"href":"https:\/\/pdt-rj.org.br\/index.php\/wp-json\/wp\/v2\/comments?post=84110"}],"version-history":[{"count":2,"href":"https:\/\/pdt-rj.org.br\/index.php\/wp-json\/wp\/v2\/posts\/84110\/revisions"}],"predecessor-version":[{"id":84113,"href":"https:\/\/pdt-rj.org.br\/index.php\/wp-json\/wp\/v2\/posts\/84110\/revisions\/84113"}],"wp:featuredmedia":[{"embeddable":true,"href":"https:\/\/pdt-rj.org.br\/index.php\/wp-json\/wp\/v2\/media\/84112"}],"wp:attachment":[{"href":"https:\/\/pdt-rj.org.br\/index.php\/wp-json\/wp\/v2\/media?parent=84110"}],"wp:term":[{"taxonomy":"category","embeddable":true,"href":"https:\/\/pdt-rj.org.br\/index.php\/wp-json\/wp\/v2\/categories?post=84110"},{"taxonomy":"post_tag","embeddable":true,"href":"https:\/\/pdt-rj.org.br\/index.php\/wp-json\/wp\/v2\/tags?post=84110"}],"curies":[{"name":"wp","href":"https:\/\/api.w.org\/{rel}","templated":true}]}}