{"id":84107,"date":"2025-04-01T10:38:06","date_gmt":"2025-04-01T13:38:06","guid":{"rendered":"https:\/\/pdt-rj.org.br\/?p=84107"},"modified":"2025-04-17T17:57:02","modified_gmt":"2025-04-17T20:57:02","slug":"de-olho-no-futuro-rodrigo-neves-busca-parcerias-em-portugal-para-impulsionar-desenvolvimento-em-niteroi-rj","status":"publish","type":"post","link":"https:\/\/pdt-rj.org.br\/index.php\/de-olho-no-futuro-rodrigo-neves-busca-parcerias-em-portugal-para-impulsionar-desenvolvimento-em-niteroi-rj\/","title":{"rendered":"De olho no futuro: Rodrigo Neves busca parcerias em Portugal para impulsionar desenvolvimento em Niter\u00f3i (RJ)"},"content":{"rendered":"<p data-raofz=\"15\"><strong>\u201c\u00c9 fundamental promover economias sustent\u00e1veis com pol\u00edticas inclusivas e democr\u00e1ticas\u201d, afirma gestor<\/strong><\/p>\n<p data-raofz=\"15\">O prefeito de Niter\u00f3i, Rodrigo Neves, iniciou miss\u00e3o internacional, representando a Frente Nacional de Prefeitos \u2013 FNP e o MercoCidades. Rodrigo Neves se reuniu com o prefeito Rui Moreira, da cidade do Porto, uma das mais importantes de Portugal e da Uni\u00e3o Europeia.<\/p>\n<p data-raofz=\"15\">Em pauta, dois temas principais: o recentemente acordo assinado entre o Mercosul e a Uni\u00e3o Europeia e a import\u00e2ncia das cidades cooperarem e estarem preparadas para uma tripla transi\u00e7\u00e3o \u2013 digital, demogr\u00e1fica e verde. Os prefeitos falaram ainda sobre a visita da comiss\u00e3o da Frente Nacional de Prefeitos do Brasil \u00e0 cidade de Porto, em junho deste ano, e a participa\u00e7\u00e3o de Rui Moreira, na reuni\u00e3o de c\u00fapula da MercoCidades, em Niter\u00f3i, em dezembro.<\/p>\n<p data-raofz=\"15\">\u201c\u00c9 fundamental promover economias sustent\u00e1veis com pol\u00edticas inclusivas e democr\u00e1ticas, mitigar as altera\u00e7\u00f5es clim\u00e1ticas e reduzir desigualdades. Convidei Rui Moreira para visitar Niter\u00f3i em dezembro\/25, durante a 30\u00ba C\u00fapula do MercoCidades que ser\u00e1 realizada em nossa cidade\u201d, ressaltou Rodrigo Neves.<\/p>\n<p data-raofz=\"15\">Neves tamb\u00e9m esteve reunido com membros da C\u00e2mara de Com\u00e9rcio e Ind\u00fastria Portugal-Brasil para atra\u00e7\u00e3o de investimentos para Niter\u00f3i.<\/p>\n<!-- AddThis Advanced Settings generic via filter on the_content --><!-- AddThis Share Buttons generic via filter on the_content -->","protected":false},"excerpt":{"rendered":"<p>\u201c\u00c9 fundamental promover economias sustent\u00e1veis com pol\u00edticas inclusivas e democr\u00e1ticas\u201d, afirma gestor O prefeito de Niter\u00f3i, Rodrigo Neves, iniciou miss\u00e3o internacional, representando a Frente Nacional de Prefeitos \u2013 FNP e o MercoCidades. Rodrigo Neves se reuniu com o prefeito Rui Moreira, da cidade do Porto, uma das mais importantes de Portugal e da Uni\u00e3o Europeia&#8230;.<!-- AddThis Advanced Settings generic via filter on wp_trim_excerpt --><!-- AddThis Share Buttons generic via filter on wp_trim_excerpt --><\/p>\n","protected":false},"author":17,"featured_media":84108,"comment_status":"closed","ping_status":"closed","sticky":false,"template":"","format":"standard","meta":{"_monsterinsights_skip_tracking":false,"_monsterinsights_sitenote_active":false,"_monsterinsights_sitenote_note":"","_monsterinsights_sitenote_category":0,"_uf_show_specific_survey":0,"_uf_disable_surveys":false,"footnotes":""},"categories":[1390,1402],"tags":[],"class_list":["post-84107","post","type-post","status-publish","format-standard","has-post-thumbnail","hentry","category-editorias","category-cidades"],"acf":[],"_links":{"self":[{"href":"https:\/\/pdt-rj.org.br\/index.php\/wp-json\/wp\/v2\/posts\/84107","targetHints":{"allow":["GET"]}}],"collection":[{"href":"https:\/\/pdt-rj.org.br\/index.php\/wp-json\/wp\/v2\/posts"}],"about":[{"href":"https:\/\/pdt-rj.org.br\/index.php\/wp-json\/wp\/v2\/types\/post"}],"author":[{"embeddable":true,"href":"https:\/\/pdt-rj.org.br\/index.php\/wp-json\/wp\/v2\/users\/17"}],"replies":[{"embeddable":true,"href":"https:\/\/pdt-rj.org.br\/index.php\/wp-json\/wp\/v2\/comments?post=84107"}],"version-history":[{"count":1,"href":"https:\/\/pdt-rj.org.br\/index.php\/wp-json\/wp\/v2\/posts\/84107\/revisions"}],"predecessor-version":[{"id":84109,"href":"https:\/\/pdt-rj.org.br\/index.php\/wp-json\/wp\/v2\/posts\/84107\/revisions\/84109"}],"wp:featuredmedia":[{"embeddable":true,"href":"https:\/\/pdt-rj.org.br\/index.php\/wp-json\/wp\/v2\/media\/84108"}],"wp:attachment":[{"href":"https:\/\/pdt-rj.org.br\/index.php\/wp-json\/wp\/v2\/media?parent=84107"}],"wp:term":[{"taxonomy":"category","embeddable":true,"href":"https:\/\/pdt-rj.org.br\/index.php\/wp-json\/wp\/v2\/categories?post=84107"},{"taxonomy":"post_tag","embeddable":true,"href":"https:\/\/pdt-rj.org.br\/index.php\/wp-json\/wp\/v2\/tags?post=84107"}],"curies":[{"name":"wp","href":"https:\/\/api.w.org\/{rel}","templated":true}]}}