{"id":84104,"date":"2025-04-04T10:30:01","date_gmt":"2025-04-04T13:30:01","guid":{"rendered":"https:\/\/pdt-rj.org.br\/?p=84104"},"modified":"2025-04-26T00:12:53","modified_gmt":"2025-04-26T03:12:53","slug":"acao-da-mulher-trabalhista-define-estrategias-para-candidaturas-femininas-em-2026","status":"publish","type":"post","link":"https:\/\/pdt-rj.org.br\/index.php\/acao-da-mulher-trabalhista-define-estrategias-para-candidaturas-femininas-em-2026\/","title":{"rendered":"A\u00e7\u00e3o da Mulher Trabalhista define estrat\u00e9gias para candidaturas femininas em 2026"},"content":{"rendered":"<p><strong>Lideran\u00e7as do movimento se reuniram com Carlos Lupi em Bras\u00edlia (DF)<\/strong><\/p>\n<p>Foco na forma\u00e7\u00e3o de quadros ainda mais qualificados para as pr\u00f3xima elei\u00e7\u00f5es e com um maior entrosamento entre a A\u00e7\u00e3o da Mulher Trabalhista (AMT) e a Dire\u00e7\u00e3o Nacional do PDT. Foi com essa \u00eanfase que o ministro da Previd\u00eancia Social e presidente nacional licenciado do partido, Carlos Lupi, empolgou as 25 representantes do movimento pedetista nesta sexta-feira (4) em Bras\u00edlia (DF). Lideradas pela presidente nacional do movimento, Juliana Brizola, e pelas demais dirigentes da AMT, as l\u00edderes se re\u00fanem at\u00e9 s\u00e1bado (5), na sede do partido, onde, al\u00e9m de apresentarem seus relat\u00f3rios estaduais, tra\u00e7am as estrat\u00e9gias do movimento para as elei\u00e7\u00f5es de 2026.<\/p>\n<p>E \u00e9 exatamente com foco nessas diretrizes, que surgir\u00e3o a partir de uma for\u00e7a-tarefa de organiza\u00e7\u00e3o centrada no pr\u00f3ximo pleito, que a participa\u00e7\u00e3o de Lupi foi taxativa quanto \u00e0 necessidade de uma mobiliza\u00e7\u00e3o concreta para que as a\u00e7\u00f5es da AMT sejam efetivas no fortalecimento das trincheiras do partido em 2026. O objetivo \u00e9 chegar l\u00e1 com candidatas que tenham chances reais de ocuparem as cadeiras da disputa<\/p>\n<p>Assim como tem convocado aos l\u00edderes em geral do partido, a elas, o ministro ressaltou a import\u00e2ncia de uma boa forma\u00e7\u00e3o pol\u00edtica das militantes, por meio dos cursos oferecidos pela Funda\u00e7\u00e3o Leonel Brizola \u2013 Alberto Pasqualini (FLB-AP), para que todas as vertentes do Trabalhismo estejam latentes nas propostas de cada candidato do PDT.<\/p>\n<p>\u201cQueremos um projeto eleitoral com causa, ideologia. Por isso \u00e9 t\u00e3o importate a prepara\u00e7\u00e3o de quadros, na forma\u00e7\u00e3o pol\u00edtica, como na \u00e1rea de gest\u00e3o, cujo foco \u00e9 a nossa ideologia trabalhista\u201d, destacou o ministro, que acrescentou a necessidade de conhecer a realidade da AMT em cada estado, para um colabora\u00e7\u00e3o mais precisa da Dire\u00e7\u00e3o Nacional no processo estrat\u00e9gico do movimento.<\/p>\n<p><strong>\u00c2nimos revigorados e encorajamento<\/strong><\/p>\n<p>Ao celebrarem o nome de Juliana Brizola despontando nas pesquisas favorit\u00edssimo para o governo no Rio Grande do Sul, as representantes da AMT manifestaram entusiasmo revigorado e o entendimento latente de arrega\u00e7arem as mangas com o senso na uni\u00e3o. A t\u00f4nica desse primeiro dia do encontro foi de encorajamento m\u00fatuo, sobretudo pelo fato de que v\u00e1rias encontristas terem em sua trajet\u00f3ria a experi\u00eancia com mandatos, como a pr\u00f3pria neta de Leonel Brizola, que \u00e9 ex-vereadora e ex-deputada estadual.<\/p>\n<p>\u201cNossas diferen\u00e7as n\u00e3o podem ser maior do que o nosso prop\u00f3sito. Temos de nos fortalecer por dentro, para obtermos os resultados que desejamos l\u00e1 fora\u201d, ressaltou a senadora Leila Barros, presidente do PDT do Distrito Federal, em uma fala que amparou a declara\u00e7\u00e3o anterior da presidente do PDT de Pernambuco e da AMT do Recife, Isabella de Rold\u00e3o, que tamb\u00e9m foi enf\u00e1tica quanto a import\u00e2ncia do di\u00e1logo e da alian\u00e7a entre as mulheres em prol do objetivo comum.<\/p>\n<p>\u201cN\u00e3o existe um partido pol\u00edtico forte sem um bra\u00e7o feminino forte\u201d, asseverou Juliana, ao defender a import\u00e2ncia da AMT para a manuten\u00e7\u00e3o da estrutura partid\u00e1ria e a import\u00e2ncia de candidaturas femininas vi\u00e1veis para que o n\u00famero de eleitas seja o reflexo da realidade da popula\u00e7\u00e3o brasileira, composta em sua maioria por mulheres.<\/p>\n<p>\u201cO PDT sempre foi um partido de vanguarda, em rela\u00e7\u00e3o \u00e0 aten\u00e7\u00e3o e cuidado com as mulheres. Agora, mais do que nunca, ele precisa mostrar isso na pr\u00e1tica\u201d, afirmou Juliana Brizola.<\/p>\n<p>&nbsp;<\/p>\n<!-- AddThis Advanced Settings generic via filter on the_content --><!-- AddThis Share Buttons generic via filter on the_content -->","protected":false},"excerpt":{"rendered":"<p>Lideran\u00e7as do movimento se reuniram com Carlos Lupi em Bras\u00edlia (DF) Foco na forma\u00e7\u00e3o de quadros ainda mais qualificados para as pr\u00f3xima elei\u00e7\u00f5es e com um maior entrosamento entre a A\u00e7\u00e3o da Mulher Trabalhista (AMT) e a Dire\u00e7\u00e3o Nacional do PDT. Foi com essa \u00eanfase que o ministro da Previd\u00eancia Social e presidente nacional licenciado&#8230;<!-- AddThis Advanced Settings generic via filter on wp_trim_excerpt --><!-- AddThis Share Buttons generic via filter on wp_trim_excerpt --><\/p>\n","protected":false},"author":17,"featured_media":84105,"comment_status":"closed","ping_status":"closed","sticky":false,"template":"","format":"standard","meta":{"_monsterinsights_skip_tracking":false,"_monsterinsights_sitenote_active":false,"_monsterinsights_sitenote_note":"","_monsterinsights_sitenote_category":0,"_uf_show_specific_survey":0,"_uf_disable_surveys":false,"footnotes":""},"categories":[1390,1401],"tags":[],"class_list":["post-84104","post","type-post","status-publish","format-standard","has-post-thumbnail","hentry","category-editorias","category-nacional"],"acf":[],"_links":{"self":[{"href":"https:\/\/pdt-rj.org.br\/index.php\/wp-json\/wp\/v2\/posts\/84104","targetHints":{"allow":["GET"]}}],"collection":[{"href":"https:\/\/pdt-rj.org.br\/index.php\/wp-json\/wp\/v2\/posts"}],"about":[{"href":"https:\/\/pdt-rj.org.br\/index.php\/wp-json\/wp\/v2\/types\/post"}],"author":[{"embeddable":true,"href":"https:\/\/pdt-rj.org.br\/index.php\/wp-json\/wp\/v2\/users\/17"}],"replies":[{"embeddable":true,"href":"https:\/\/pdt-rj.org.br\/index.php\/wp-json\/wp\/v2\/comments?post=84104"}],"version-history":[{"count":1,"href":"https:\/\/pdt-rj.org.br\/index.php\/wp-json\/wp\/v2\/posts\/84104\/revisions"}],"predecessor-version":[{"id":84106,"href":"https:\/\/pdt-rj.org.br\/index.php\/wp-json\/wp\/v2\/posts\/84104\/revisions\/84106"}],"wp:featuredmedia":[{"embeddable":true,"href":"https:\/\/pdt-rj.org.br\/index.php\/wp-json\/wp\/v2\/media\/84105"}],"wp:attachment":[{"href":"https:\/\/pdt-rj.org.br\/index.php\/wp-json\/wp\/v2\/media?parent=84104"}],"wp:term":[{"taxonomy":"category","embeddable":true,"href":"https:\/\/pdt-rj.org.br\/index.php\/wp-json\/wp\/v2\/categories?post=84104"},{"taxonomy":"post_tag","embeddable":true,"href":"https:\/\/pdt-rj.org.br\/index.php\/wp-json\/wp\/v2\/tags?post=84104"}],"curies":[{"name":"wp","href":"https:\/\/api.w.org\/{rel}","templated":true}]}}