{"id":84090,"date":"2025-03-17T20:43:51","date_gmt":"2025-03-17T23:43:51","guid":{"rendered":"https:\/\/pdt-rj.org.br\/?p=84090"},"modified":"2025-04-05T11:06:49","modified_gmt":"2025-04-05T14:06:49","slug":"lupi-diz-que-o-pdt-esta-preparado-para-superar-a-clausula-de-barreira-em-2026","status":"publish","type":"post","link":"https:\/\/pdt-rj.org.br\/index.php\/lupi-diz-que-o-pdt-esta-preparado-para-superar-a-clausula-de-barreira-em-2026\/","title":{"rendered":"Lupi diz que o PDT est\u00e1 preparado para superar a cl\u00e1usula de barreira em 2026"},"content":{"rendered":"<p class=\"p2\"><strong>Na reuni\u00e3o do Diret\u00f3rio Estadual, Funda\u00e7\u00e3o apresenta nova edi\u00e7\u00e3o da revista Emba\u00faba<\/strong><\/p>\n<p class=\"p2\"><span class=\"s2\">O presidente nacional licenciado do PDT e ministro da Previd\u00eancia Social, Carlos Lupi, afirmou que o partido est\u00e1 preparado para superar a cl\u00e1usula de barreira nas elei\u00e7\u00f5es de 2026. Durante a reuni\u00e3o do Diret\u00f3rio Estadual, na noite desta segunda-feira (17), a Funda\u00e7\u00e3o Leonel Brizola &#8211; Alberto Pasqualini (FLB-AP) lan\u00e7ou a nova edi\u00e7\u00e3o da revista Emba\u00faba. <\/span><\/p>\n<p class=\"p2\"><span class=\"s2\">Sobre o planejamento nacional, Lupi relatou que a sigla est\u00e1 organizada em todos os estados para seguir na luta popular, pois tem hist\u00f3ria, causa e milit\u00e2ncia. <\/span><\/p>\n<p class=\"p2\"><span class=\"s2\">\u201cNesse trabalho consistente e combativo, reafirmo: n\u00e3o temos medo da cl\u00e1usula de barreira. Com nomes preparados, vamos formar chapas qualificadas para super\u00e1-la mais uma vez em 2026\u201d, disse. <\/span><\/p>\n<p class=\"p2\"><span class=\"s2\">\u201cO partido \u00e9 uma fonte viva para seguir defendendo os direitos, como os<span class=\"Apple-converted-space\">\u00a0 <\/span>trabalhistas e previdenci\u00e1rios. \u00c9 o compromisso que aprendemos com Get\u00falio Vargas, Jo\u00e3o Goulart e Leonel Brizola\u201d, completou, ao anunciar a filia\u00e7\u00e3o de Marcos San. <\/span><\/p>\n<p class=\"p2\"><span class=\"s2\">Com a presen\u00e7a de lideran\u00e7as de todo o estado, incluindo a secret\u00e1ria municipal de Assist\u00eancia Social da capital fluminense e presidente estadual em exerc\u00edcio da sigla, Martha Rocha, a atividade tamb\u00e9m possibilitou o debate sobre o cen\u00e1rio pol\u00edtico local.<\/span><\/p>\n<p class=\"p2\"><span class=\"s2\">\u201cA partir de abril, voltaremos a percorrer o estado do Rio para dialogar com lideran\u00e7as e agregando poss\u00edveis candidatos a federal e estadual. A agenda ser\u00e1 constru\u00edda pelo L\u00e9o Lupi e o Ismael Lisboa\u201d, comentou Martha Rocha, que esta licenciada do cargo de deputada estadual. <\/span><\/p>\n<p class=\"p2\"><span class=\"s2\">Ao apresentar a quinta edi\u00e7\u00e3o da publica\u00e7\u00e3o trabalhista, que conta com uma entrevista com o prefeito de Niter\u00f3i, Rodrigo Neves, o secret\u00e1rio-geral estadual adjunto do partido e vice-presidente da FLB-AP, Leo Lupi, enfatizou a import\u00e2ncia da produ\u00e7\u00e3o de conte\u00fados para aprimorar a forma\u00e7\u00e3o de quadros.<\/span><\/p>\n<p class=\"p2\"><span class=\"s2\">\u201cA Funda\u00e7\u00e3o ajuda, de fato, na constru\u00e7\u00e3o do partido atrav\u00e9s de eventos, de forma\u00e7\u00f5es e da revista, que \u00e9 aberta e conta com a participa\u00e7\u00e3o dos filiados. Enviem textos para contribuir com as pr\u00f3ximas edi\u00e7\u00f5es\u201d, relatou. <\/span><\/p>\n<p class=\"p2\"><span class=\"s2\">Para conferir o conte\u00fado da Emba\u00faba, acesse o site da Funda\u00e7\u00e3o: <a href=\"http:\/\/flb-ap.org.br\/embauba\">flb-ap.org.br\/embauba<\/a>.<\/span><\/p>\n<!-- AddThis Advanced Settings generic via filter on the_content --><!-- AddThis Share Buttons generic via filter on the_content -->","protected":false},"excerpt":{"rendered":"<p>Na reuni\u00e3o do Diret\u00f3rio Estadual, Funda\u00e7\u00e3o apresenta nova edi\u00e7\u00e3o da revista Emba\u00faba O presidente nacional licenciado do PDT e ministro da Previd\u00eancia Social, Carlos Lupi, afirmou que o partido est\u00e1 preparado para superar a cl\u00e1usula de barreira nas elei\u00e7\u00f5es de 2026. Durante a reuni\u00e3o do Diret\u00f3rio Estadual, na noite desta segunda-feira (17), a Funda\u00e7\u00e3o Leonel&#8230;<!-- AddThis Advanced Settings generic via filter on wp_trim_excerpt --><!-- AddThis Share Buttons generic via filter on wp_trim_excerpt --><\/p>\n","protected":false},"author":17,"featured_media":84091,"comment_status":"closed","ping_status":"closed","sticky":false,"template":"","format":"standard","meta":{"_monsterinsights_skip_tracking":false,"_monsterinsights_sitenote_active":false,"_monsterinsights_sitenote_note":"","_monsterinsights_sitenote_category":0,"_uf_show_specific_survey":0,"_uf_disable_surveys":false,"footnotes":""},"categories":[1390,5414],"tags":[],"class_list":["post-84090","post","type-post","status-publish","format-standard","has-post-thumbnail","hentry","category-editorias","category-estado"],"acf":[],"_links":{"self":[{"href":"https:\/\/pdt-rj.org.br\/index.php\/wp-json\/wp\/v2\/posts\/84090","targetHints":{"allow":["GET"]}}],"collection":[{"href":"https:\/\/pdt-rj.org.br\/index.php\/wp-json\/wp\/v2\/posts"}],"about":[{"href":"https:\/\/pdt-rj.org.br\/index.php\/wp-json\/wp\/v2\/types\/post"}],"author":[{"embeddable":true,"href":"https:\/\/pdt-rj.org.br\/index.php\/wp-json\/wp\/v2\/users\/17"}],"replies":[{"embeddable":true,"href":"https:\/\/pdt-rj.org.br\/index.php\/wp-json\/wp\/v2\/comments?post=84090"}],"version-history":[{"count":5,"href":"https:\/\/pdt-rj.org.br\/index.php\/wp-json\/wp\/v2\/posts\/84090\/revisions"}],"predecessor-version":[{"id":84103,"href":"https:\/\/pdt-rj.org.br\/index.php\/wp-json\/wp\/v2\/posts\/84090\/revisions\/84103"}],"wp:featuredmedia":[{"embeddable":true,"href":"https:\/\/pdt-rj.org.br\/index.php\/wp-json\/wp\/v2\/media\/84091"}],"wp:attachment":[{"href":"https:\/\/pdt-rj.org.br\/index.php\/wp-json\/wp\/v2\/media?parent=84090"}],"wp:term":[{"taxonomy":"category","embeddable":true,"href":"https:\/\/pdt-rj.org.br\/index.php\/wp-json\/wp\/v2\/categories?post=84090"},{"taxonomy":"post_tag","embeddable":true,"href":"https:\/\/pdt-rj.org.br\/index.php\/wp-json\/wp\/v2\/tags?post=84090"}],"curies":[{"name":"wp","href":"https:\/\/api.w.org\/{rel}","templated":true}]}}