{"id":84087,"date":"2025-03-13T20:07:15","date_gmt":"2025-03-13T23:07:15","guid":{"rendered":"https:\/\/pdt-rj.org.br\/?p=84087"},"modified":"2025-04-05T10:54:21","modified_gmt":"2025-04-05T13:54:21","slug":"niteroi-realiza-3o-encontro-de-gestores-para-avaliar-acoes-iniciais-do-governo","status":"publish","type":"post","link":"https:\/\/pdt-rj.org.br\/index.php\/niteroi-realiza-3o-encontro-de-gestores-para-avaliar-acoes-iniciais-do-governo\/","title":{"rendered":"Niter\u00f3i realiza 3\u00ba Encontro de Gestores para avaliar a\u00e7\u00f5es iniciais do governo"},"content":{"rendered":"<p><strong>64% das metas definidas para os primeiros 100 dias de governo j\u00e1 foram cumpridas<\/strong><\/p>\n<p>O prefeito de Niter\u00f3i, Rodrigo Neves, reuniu, nesta ter\u00e7a-feira (11), o secretariado e presidentes de autarquias municipais no 3\u00ba Encontro de Gestores de 2025 para avaliar o cumprimento das entregas priorit\u00e1rias e alinhar as metas estabelecidas no Plano de 100 dias.<\/p>\n<p>Neves destacou que 64% das metas definidas para os primeiros 100 dias de governo j\u00e1 foram cumpridas.<\/p>\n<p>\u201c\u00c9 muito relevante o que fizemos em 70 dias de governo. Temos capacidade de dialogar com a sociedade. Demos prioridade a a\u00e7\u00f5es concretas como o programa Cidade Limpa e a opera\u00e7\u00e3o Ca\u00e7a-Fios. Definimos uma agenda necess\u00e1ria para colocar a cidade em boas condi\u00e7\u00f5es de atendimento ao cidad\u00e3o. Estruturamos a \u00e1rea de seguran\u00e7a p\u00fablica, que \u00e9 prioridade. Colocamos todas as crian\u00e7as nas escolas. Inclu\u00edmos mais 9.500 fam\u00edlias no Programa Moeda Arariboia. Reduzimos a tarifa do catamar\u00e3 Charitas-Pra\u00e7a 15 de R$ 21 para R$ 7,70. Os primeiros 100 dias est\u00e3o sendo determinantes para estabelecer o nosso ritmo de trabalho. Queremos fazer o melhor governo da hist\u00f3ria de Niter\u00f3i\u201d, afirmou Rodrigo Neves.<\/p>\n<p>Um m\u00eas ap\u00f3s o \u00faltimo Encontro de Gestores, a Prefeitura avan\u00e7ou em entregas importantes para a cidade. Na \u00e1rea de mobilidade, uma das prioridades foi a redu\u00e7\u00e3o da tarifa do Catamar\u00e3 de Charitas de R$ 21 para R$ 7,70. A nova tarifa \u00e9 fruto de um conv\u00eanio entre a Prefeitura de Niter\u00f3i e o Governo do Estado do Rio de Janeiro que visa reduzir os custos com transporte e o tempo de deslocamento, contribuindo para a qualidade de vida dos trabalhadores. A entrega das obras do Terminal Sul, no Centro, tamb\u00e9m \u00e9 outro destaque. A adi\u00e7\u00e3o de uma terceira plataforma ampliou a capacidade em 50%, atendendo a 23 linhas de \u00f4nibus e garantindo mais fluidez ao tr\u00e2nsito e comodidade aos passageiros.<\/p>\n<p>A secret\u00e1ria de Planejamento, Or\u00e7amento e Moderniza\u00e7\u00e3o da Gest\u00e3o, Isadora Modesto, ressaltou o cumprimento das entregas previstas no Plano de Metas de 100 Dias.<\/p>\n<p>\u201cEntrando no \u00faltimo m\u00eas do Plano de 100 dias, identificamos os avan\u00e7os proporcionados pela defini\u00e7\u00e3o precisa de diretrizes e pelo alinhamento estrat\u00e9gico dos projetos, resultando em entregas significativas para a vida cotidiana da popula\u00e7\u00e3o\u201d, ressaltou a secret\u00e1ria de Planejamento.<br \/>\nCom o objetivo de ampliar a qualifica\u00e7\u00e3o profissional de jovens e adultos na cidade, sobretudo daqueles em situa\u00e7\u00e3o de vulnerabilidade social, foi inaugurada a Escola de Gastronomia Popular N\u00e9dio Jos\u00e9 Mocellin, no bairro do Fonseca. A escola funciona em um pr\u00e9dio anexo ao Restaurante Popular Carolina Maria de Jesus e oferece cursos de forma\u00e7\u00e3o gratuitos em parceria com o Senac.<\/p>\n<p>A Prefeitura de Niter\u00f3i apresentou, em conjunto com a Prefeitura do Rio de Janeiro, a candidatura oficial para sediar os Jogos Pan-Americanos de 2031. Como parte do compromisso da gest\u00e3o municipal com o esporte, foi encaminhado \u00e0 C\u00e2mara Municipal de Niter\u00f3i o Projeto de Lei do Programa Bolsa-Atleta, que prev\u00ea a concess\u00e3o de bolsas que variam de R$1.000,00 a R$3.000,00 para atletas de diversas modalidades.<\/p>\n<p>Al\u00e9m dessa iniciativa, foram encaminhados mais seis projetos de lei \u00e0 C\u00e2mara Municipal, dentre eles: a cria\u00e7\u00e3o um Fundo de R$ 400 milh\u00f5es em investimento para a revitaliza\u00e7\u00e3o e moderniza\u00e7\u00e3o do Centro, com foco em projetos habitacionais; o reajuste do Aux\u00edlio para Mulheres V\u00edtimas de Viol\u00eancia; o Programa Bom Pagador de IPTU, que dar\u00e1 6% de desconto aos contribuintes em dia com o imposto; e a cria\u00e7\u00e3o da Lei da Opera\u00e7\u00e3o Ca\u00e7a-Fios.<br \/>\nEntre outras entregas dos primeiros 70 dias de governo, est\u00e3o a amplia\u00e7\u00e3o da ilumina\u00e7\u00e3o de LED no munic\u00edpio, nos bairros de Badu, Icara\u00ed e Fonseca, e o in\u00edcio do projeto Ligado na Rede, no Bonsucesso, que promove o saneamento de qualidade e faz a liga\u00e7\u00e3o das casas com a rede de esgoto.<\/p>\n<!-- AddThis Advanced Settings generic via filter on the_content --><!-- AddThis Share Buttons generic via filter on the_content -->","protected":false},"excerpt":{"rendered":"<p>64% das metas definidas para os primeiros 100 dias de governo j\u00e1 foram cumpridas O prefeito de Niter\u00f3i, Rodrigo Neves, reuniu, nesta ter\u00e7a-feira (11), o secretariado e presidentes de autarquias municipais no 3\u00ba Encontro de Gestores de 2025 para avaliar o cumprimento das entregas priorit\u00e1rias e alinhar as metas estabelecidas no Plano de 100 dias&#8230;.<!-- AddThis Advanced Settings generic via filter on wp_trim_excerpt --><!-- AddThis Share Buttons generic via filter on wp_trim_excerpt --><\/p>\n","protected":false},"author":17,"featured_media":84088,"comment_status":"closed","ping_status":"closed","sticky":false,"template":"","format":"standard","meta":{"_monsterinsights_skip_tracking":false,"_monsterinsights_sitenote_active":false,"_monsterinsights_sitenote_note":"","_monsterinsights_sitenote_category":0,"_uf_show_specific_survey":0,"_uf_disable_surveys":false,"footnotes":""},"categories":[1390,1402],"tags":[],"class_list":["post-84087","post","type-post","status-publish","format-standard","has-post-thumbnail","hentry","category-editorias","category-cidades"],"acf":[],"_links":{"self":[{"href":"https:\/\/pdt-rj.org.br\/index.php\/wp-json\/wp\/v2\/posts\/84087","targetHints":{"allow":["GET"]}}],"collection":[{"href":"https:\/\/pdt-rj.org.br\/index.php\/wp-json\/wp\/v2\/posts"}],"about":[{"href":"https:\/\/pdt-rj.org.br\/index.php\/wp-json\/wp\/v2\/types\/post"}],"author":[{"embeddable":true,"href":"https:\/\/pdt-rj.org.br\/index.php\/wp-json\/wp\/v2\/users\/17"}],"replies":[{"embeddable":true,"href":"https:\/\/pdt-rj.org.br\/index.php\/wp-json\/wp\/v2\/comments?post=84087"}],"version-history":[{"count":1,"href":"https:\/\/pdt-rj.org.br\/index.php\/wp-json\/wp\/v2\/posts\/84087\/revisions"}],"predecessor-version":[{"id":84089,"href":"https:\/\/pdt-rj.org.br\/index.php\/wp-json\/wp\/v2\/posts\/84087\/revisions\/84089"}],"wp:featuredmedia":[{"embeddable":true,"href":"https:\/\/pdt-rj.org.br\/index.php\/wp-json\/wp\/v2\/media\/84088"}],"wp:attachment":[{"href":"https:\/\/pdt-rj.org.br\/index.php\/wp-json\/wp\/v2\/media?parent=84087"}],"wp:term":[{"taxonomy":"category","embeddable":true,"href":"https:\/\/pdt-rj.org.br\/index.php\/wp-json\/wp\/v2\/categories?post=84087"},{"taxonomy":"post_tag","embeddable":true,"href":"https:\/\/pdt-rj.org.br\/index.php\/wp-json\/wp\/v2\/tags?post=84087"}],"curies":[{"name":"wp","href":"https:\/\/api.w.org\/{rel}","templated":true}]}}