{"id":84082,"date":"2025-02-25T19:34:53","date_gmt":"2025-02-25T22:34:53","guid":{"rendered":"https:\/\/pdt-rj.org.br\/?p=84082"},"modified":"2025-04-05T11:07:17","modified_gmt":"2025-04-05T14:07:17","slug":"politica-trabalhista-da-previdencia-injeta-r-140-bilhoes-na-economia-em-dois-meses","status":"publish","type":"post","link":"https:\/\/pdt-rj.org.br\/index.php\/politica-trabalhista-da-previdencia-injeta-r-140-bilhoes-na-economia-em-dois-meses\/","title":{"rendered":"Pol\u00edtica trabalhista da Previd\u00eancia injeta R$ 140 bilh\u00f5es na economia em dois meses"},"content":{"rendered":"<h3><em>Tempo de espera por concess\u00e3o de benef\u00edcio j\u00e1 caiu pela metade desde que Lupi assumiu a pasta<\/em><\/h3>\n<p>O resultado da gest\u00e3o do ministro trabalhista Carlos Lupi pode ser visto nos \u00faltimos resultados do INSS. O Instituto concedeu mais de 1,2 milh\u00e3o de benef\u00edcios em outubro e novembro de 2024, movimentando quase R$ 140 bilh\u00f5es na economia. O tempo m\u00e9dio para a concess\u00e3o de aposentadorias, aux\u00edlios e pens\u00f5es caiu para 39 dias, abaixo do prazo legal de 45 dias. O levantamento faz parte do Portal da Transpar\u00eancia disponibilizado pelo Minist\u00e9rio da Previd\u00eancia na ter\u00e7a-feira (18\/2).<\/p>\n<p>A redu\u00e7\u00e3o na espera dos segurados \u00e9 resultado de um modelo de gest\u00e3o comprometido com a prote\u00e7\u00e3o social, princ\u00edpio essencial do Trabalhismo. Desde que assumiu a Previd\u00eancia, Lupi adotou medidas para acelerar a an\u00e1lise dos pedidos, revertendo um cen\u00e1rio de demora que penalizava os mais pobres. Em dezembro de 2022, o Tempo M\u00e9dio de Concess\u00e3o (TMC) l\u00edquido era de 76 dias. Hoje, a entrega dos benef\u00edcios acontece em quase metade desse tempo.<\/p>\n<p>\u201c\u00c9 objetivo do Trabalhismo uma economia pujante. Assim o dinheiro circula e garante a renda das fam\u00edlias. Guiado por esse princ\u00edpio, temos trabalhado para que os benef\u00edcios previdenci\u00e1rios cheguem ao cidad\u00e3o com celeridade\u201d, explica o ministro.<\/p>\n<p>\u201cCerca de 70% dos munic\u00edpios recebem mais recursos do INSS do que do Fundo de Participa\u00e7\u00e3o dos Munic\u00edpios. Isso mostra o papel central da Previd\u00eancia para as cidades e para a economia nacional\u201d, destaca Lupi.<\/p>\n<p>Para garantir que os segurados sejam atendidos dentro do prazo legal, foram implementadas a\u00e7\u00f5es como mutir\u00f5es de atendimento, amplia\u00e7\u00e3o do uso do Atestmed, digitaliza\u00e7\u00e3o de servi\u00e7os e a nomea\u00e7\u00e3o de 1.276 novos servidores, al\u00e9m da convoca\u00e7\u00e3o de mais 353 aprovados no concurso de 2022.<\/p>\n<p>O presidente do INSS, Alessandro Stefanutto, explica que a autarquia recebe entre 1,2 milh\u00e3o e 1,4 milh\u00e3o de pedidos por m\u00eas, o que mant\u00e9m o estoque de solicita\u00e7\u00f5es acima de um milh\u00e3o. Mesmo assim, a maioria dos requerimentos segue sendo analisada dentro do prazo legal.<\/p>\n<p>&nbsp;<\/p>\n<p><strong>Enfrentando desafios sem abrir m\u00e3o dos direitos<\/strong><\/p>\n<p>Apesar dos avan\u00e7os constatados, a Previd\u00eancia ainda enfrenta desafios. A greve dos servidores e dos m\u00e9dicos peritos, al\u00e9m de mudan\u00e7as na legisla\u00e7\u00e3o que passaram a exigir biometria para o Benef\u00edcio de Presta\u00e7\u00e3o Continuada (BPC), impactaram a fila de espera. Ainda assim, desde junho do ano passado as concess\u00f5es t\u00eam permanecido dentro do prazo legal de 45 dias.<\/p>\n<p>\u201cNosso compromisso \u00e9 garantir que nenhum brasileiro espere mais de um m\u00eas para ter seu benef\u00edcio na conta. Previd\u00eancia n\u00e3o \u00e9 favor, \u00e9 direito conquistado com muita luta\u201d, enfatiza o ministro Carlos Lupi.<\/p>\n<!-- AddThis Advanced Settings generic via filter on the_content --><!-- AddThis Share Buttons generic via filter on the_content -->","protected":false},"excerpt":{"rendered":"<p>Tempo de espera por concess\u00e3o de benef\u00edcio j\u00e1 caiu pela metade desde que Lupi assumiu a pasta O resultado da gest\u00e3o do ministro trabalhista Carlos Lupi pode ser visto nos \u00faltimos resultados do INSS. O Instituto concedeu mais de 1,2 milh\u00e3o de benef\u00edcios em outubro e novembro de 2024, movimentando quase R$ 140 bilh\u00f5es na&#8230;<!-- AddThis Advanced Settings generic via filter on wp_trim_excerpt --><!-- AddThis Share Buttons generic via filter on wp_trim_excerpt --><\/p>\n","protected":false},"author":17,"featured_media":84084,"comment_status":"closed","ping_status":"closed","sticky":false,"template":"","format":"standard","meta":{"_monsterinsights_skip_tracking":false,"_monsterinsights_sitenote_active":false,"_monsterinsights_sitenote_note":"","_monsterinsights_sitenote_category":0,"_uf_show_specific_survey":0,"_uf_disable_surveys":false,"footnotes":""},"categories":[1390,1401],"tags":[],"class_list":["post-84082","post","type-post","status-publish","format-standard","has-post-thumbnail","hentry","category-editorias","category-nacional"],"acf":[],"_links":{"self":[{"href":"https:\/\/pdt-rj.org.br\/index.php\/wp-json\/wp\/v2\/posts\/84082","targetHints":{"allow":["GET"]}}],"collection":[{"href":"https:\/\/pdt-rj.org.br\/index.php\/wp-json\/wp\/v2\/posts"}],"about":[{"href":"https:\/\/pdt-rj.org.br\/index.php\/wp-json\/wp\/v2\/types\/post"}],"author":[{"embeddable":true,"href":"https:\/\/pdt-rj.org.br\/index.php\/wp-json\/wp\/v2\/users\/17"}],"replies":[{"embeddable":true,"href":"https:\/\/pdt-rj.org.br\/index.php\/wp-json\/wp\/v2\/comments?post=84082"}],"version-history":[{"count":1,"href":"https:\/\/pdt-rj.org.br\/index.php\/wp-json\/wp\/v2\/posts\/84082\/revisions"}],"predecessor-version":[{"id":84085,"href":"https:\/\/pdt-rj.org.br\/index.php\/wp-json\/wp\/v2\/posts\/84082\/revisions\/84085"}],"wp:featuredmedia":[{"embeddable":true,"href":"https:\/\/pdt-rj.org.br\/index.php\/wp-json\/wp\/v2\/media\/84084"}],"wp:attachment":[{"href":"https:\/\/pdt-rj.org.br\/index.php\/wp-json\/wp\/v2\/media?parent=84082"}],"wp:term":[{"taxonomy":"category","embeddable":true,"href":"https:\/\/pdt-rj.org.br\/index.php\/wp-json\/wp\/v2\/categories?post=84082"},{"taxonomy":"post_tag","embeddable":true,"href":"https:\/\/pdt-rj.org.br\/index.php\/wp-json\/wp\/v2\/tags?post=84082"}],"curies":[{"name":"wp","href":"https:\/\/api.w.org\/{rel}","templated":true}]}}