{"id":84075,"date":"2025-03-13T19:26:33","date_gmt":"2025-03-13T22:26:33","guid":{"rendered":"https:\/\/pdt-rj.org.br\/?p=84075"},"modified":"2025-04-04T20:05:36","modified_gmt":"2025-04-04T23:05:36","slug":"maneschy-rechaca-fala-de-banqueiro-que-desejou-a-morte-de-brizola","status":"publish","type":"post","link":"https:\/\/pdt-rj.org.br\/index.php\/maneschy-rechaca-fala-de-banqueiro-que-desejou-a-morte-de-brizola\/","title":{"rendered":"Maneschy recha\u00e7a fala de banqueiro que desejou a morte de Brizola"},"content":{"rendered":"<h3><em>Jornalista rebate declara\u00e7\u00e3o durante entrevista \u00e0 TV Comunit\u00e1ria de Bras\u00edlia<\/em><\/h3>\n<p>O jornalista Osvaldo Maneschy \u2013 membro da Associa\u00e7\u00e3o Brasileira de Imprensa (ABI), conselheiro da Funda\u00e7\u00e3o Leonel Brizola \u2013 Alberto Pasqualini (FLB-AP) e ex-assessor do fundador do PDT \u2013 repudiou, nesta ter\u00e7a-feira (12), a declara\u00e7\u00e3o de um banqueiro que confessou ter desejado a morte de Brizola. A fala ocorreu durante um evento do BTG Pactual e foi recebida com risos pela elite financeira. Durante entrevista ao programa Contra Corrente, da TV Comunit\u00e1ria de Bras\u00edlia, Maneschy rebateu a declara\u00e7\u00e3o, ressaltando que a hostilidade dos banqueiros contra Brizola tem hist\u00f3rico, j\u00e1 que o ex-governador sempre combateu a tirania financeira e governou em defesa do povo.<\/p>\n<p>\u201cO Brizola foi um cara que a direita tentou matar ou matou ele v\u00e1rias vezes\u201d, afirmou Maneschy ao entrevistador, o tamb\u00e9m jornalista Beto Almeida, destacando que a persegui\u00e7\u00e3o ao l\u00edder trabalhista come\u00e7ou ainda na ditadura militar, quando ele passou 15 anos no ex\u00edlio. \u201cEles acharam que tinham que acabar com o Brizola porque ele tem uma rela\u00e7\u00e3o muito forte com esse lado da popula\u00e7\u00e3o. Era um guri pobre do Rio Grande do Sul, que n\u00e3o tinha sapato no inverno, e que se tornou um grande l\u00edder do Brasil\u201d.<\/p>\n<p>O banqueiro em quest\u00e3o, Rog\u00e9rio Xavier, justificou seu desejo ao afirmar que Brizola \u201cdestruiu o Rio de Janeiro\u201d, uma distor\u00e7\u00e3o hist\u00f3rica que ignora as transforma\u00e7\u00f5es promovidas pelo Trabalhismo. \u201cBrizola governou para o povo e enfrentou os interesses dessa gente. Criou os CIEPs, levando educa\u00e7\u00e3o em tempo integral para crian\u00e7as da periferia, e fez mais de seis mil escolas no Rio Grande do Sul. Como \u00e9 que voc\u00ea pode odiar um governante que fez isso?\u201d, questionou Maneschy.<\/p>\n<p>Para o jornalista, a hostilidade do sistema financeiro contra Brizola se deve \u00e0 sua hist\u00f3rica luta contra os rentistas, que lucram \u00e0 custa do Brasil. \u201cEle falava em estatizar os bancos se fosse necess\u00e1rio. Sempre defendeu um Estado forte, capaz de enfrentar a elite financeira e garantir uma economia voltada para o povo\u201d, destacou.<\/p>\n<p>A rea\u00e7\u00e3o de Maneschy tamb\u00e9m denunciou o simbolismo por tr\u00e1s da declara\u00e7\u00e3o e da cumplicidade dos banqueiros que riram da fala. \u201cO pior n\u00e3o \u00e9 s\u00f3 o banqueiro que disse isso, mas a gargalhada geral. Eles sabem que s\u00e3o inimigos do Brasil e t\u00eam orgulho disso\u201d, disse. \u201cE ainda se preocupam com o Brizola morto. Ele morreu em 2004, e eles ainda t\u00eam medo dele em 2025. Isso diz muito\u201d.<\/p>\n<p>Ao final, Maneschy refor\u00e7ou que o PDT segue na trincheira de Brizola. \u201cO partido continua combatendo essa tirania financeira, defendendo um Brasil soberano, onde o dinheiro do povo seja investido na sua pr\u00f3pria qualidade de vida e n\u00e3o na conta dos banqueiros. Essa \u00e9 a luta que Brizola travou e que n\u00f3s continuamos travando\u201d.<\/p>\n<p>A entrevista completa est\u00e1 dispon\u00edvel na p\u00e1gina da TV Comunit\u00e1ria de Bras\u00edlia no Facebook.<\/p>\n<!-- AddThis Advanced Settings generic via filter on the_content --><!-- AddThis Share Buttons generic via filter on the_content -->","protected":false},"excerpt":{"rendered":"<p>Jornalista rebate declara\u00e7\u00e3o durante entrevista \u00e0 TV Comunit\u00e1ria de Bras\u00edlia O jornalista Osvaldo Maneschy \u2013 membro da Associa\u00e7\u00e3o Brasileira de Imprensa (ABI), conselheiro da Funda\u00e7\u00e3o Leonel Brizola \u2013 Alberto Pasqualini (FLB-AP) e ex-assessor do fundador do PDT \u2013 repudiou, nesta ter\u00e7a-feira (12), a declara\u00e7\u00e3o de um banqueiro que confessou ter desejado a morte de Brizola&#8230;.<!-- AddThis Advanced Settings generic via filter on wp_trim_excerpt --><!-- AddThis Share Buttons generic via filter on wp_trim_excerpt --><\/p>\n","protected":false},"author":17,"featured_media":84076,"comment_status":"closed","ping_status":"closed","sticky":false,"template":"","format":"standard","meta":{"_monsterinsights_skip_tracking":false,"_monsterinsights_sitenote_active":false,"_monsterinsights_sitenote_note":"","_monsterinsights_sitenote_category":0,"_uf_show_specific_survey":0,"_uf_disable_surveys":false,"footnotes":""},"categories":[1390,1401],"tags":[],"class_list":["post-84075","post","type-post","status-publish","format-standard","has-post-thumbnail","hentry","category-editorias","category-nacional"],"acf":[],"_links":{"self":[{"href":"https:\/\/pdt-rj.org.br\/index.php\/wp-json\/wp\/v2\/posts\/84075","targetHints":{"allow":["GET"]}}],"collection":[{"href":"https:\/\/pdt-rj.org.br\/index.php\/wp-json\/wp\/v2\/posts"}],"about":[{"href":"https:\/\/pdt-rj.org.br\/index.php\/wp-json\/wp\/v2\/types\/post"}],"author":[{"embeddable":true,"href":"https:\/\/pdt-rj.org.br\/index.php\/wp-json\/wp\/v2\/users\/17"}],"replies":[{"embeddable":true,"href":"https:\/\/pdt-rj.org.br\/index.php\/wp-json\/wp\/v2\/comments?post=84075"}],"version-history":[{"count":2,"href":"https:\/\/pdt-rj.org.br\/index.php\/wp-json\/wp\/v2\/posts\/84075\/revisions"}],"predecessor-version":[{"id":84096,"href":"https:\/\/pdt-rj.org.br\/index.php\/wp-json\/wp\/v2\/posts\/84075\/revisions\/84096"}],"wp:featuredmedia":[{"embeddable":true,"href":"https:\/\/pdt-rj.org.br\/index.php\/wp-json\/wp\/v2\/media\/84076"}],"wp:attachment":[{"href":"https:\/\/pdt-rj.org.br\/index.php\/wp-json\/wp\/v2\/media?parent=84075"}],"wp:term":[{"taxonomy":"category","embeddable":true,"href":"https:\/\/pdt-rj.org.br\/index.php\/wp-json\/wp\/v2\/categories?post=84075"},{"taxonomy":"post_tag","embeddable":true,"href":"https:\/\/pdt-rj.org.br\/index.php\/wp-json\/wp\/v2\/tags?post=84075"}],"curies":[{"name":"wp","href":"https:\/\/api.w.org\/{rel}","templated":true}]}}