{"id":84064,"date":"2025-02-18T12:01:45","date_gmt":"2025-02-18T15:01:45","guid":{"rendered":"https:\/\/pdt-rj.org.br\/?p=84064"},"modified":"2025-02-18T12:02:15","modified_gmt":"2025-02-18T15:02:15","slug":"duque-de-caxias-lidera-a-reconstrucao-do-pdt-na-baixada","status":"publish","type":"post","link":"https:\/\/pdt-rj.org.br\/index.php\/duque-de-caxias-lidera-a-reconstrucao-do-pdt-na-baixada\/","title":{"rendered":"Duque de Caxias lidera a reconstru\u00e7\u00e3o do PDT na Baixada"},"content":{"rendered":"<p>&nbsp;<\/p>\n<p>Com a redemocratiza\u00e7\u00e3o do Brasil no final dos anos 1970 e a chegada de Brizola, surgiu o PDT, que rapidamente se tornou o grande representante eleitoral das classes populares do Estado do Rio de Janeiro. No entanto, talvez tenha sido no munic\u00edpio de Duque de Caxias, na Baixada Fluminense, que o partido encontrou uma de suas mais fi\u00e9is trincheiras de luta.<\/p>\n<p>Foi com o objetivo de resgatar um PDT forte, popular e organicamente estruturado em sua cidade que o deputado federal Marcos Tavares se filiou \u00e0 legenda em meados de 2022. Escolheu um m\u00eas simb\u00f3lico para seu ingresso \u2013 maio. Afinal, al\u00e9m de o Dia do Trabalhador ser celebrado no primeiro dia desse m\u00eas, foi tamb\u00e9m em maio, h\u00e1 45 anos, que militantes trabalhistas se reuniram na Associa\u00e7\u00e3o Brasileira de Imprensa para fundar o partido (26 de maio de 1980), com a firme decis\u00e3o de reorganizar o trabalhismo no Brasil e eleger Brizola presidente. A festa foi grandiosa, com a presen\u00e7a de centenas de militantes e figuras de destaque, como Ciro Gomes, ent\u00e3o candidato \u00e0 presid\u00eancia; Rodrigo Neves, candidato ao governo do Rio de Janeiro; e Carlos Lupi, atual ministro do Trabalho e presidente nacional do PDT.<\/p>\n<p>Tavares sabia que a jornada seria \u00e1rdua, pois a legenda vinha enfrentando resultados eleitorais t\u00edmidos nos \u00faltimos anos. No entanto, mesmo diante das adversidades, a milit\u00e2ncia se manteve aguerrida, erguendo a bandeira pedetista com coragem e persist\u00eancia.<\/p>\n<p>Os primeiros frutos desse trabalho j\u00e1 podem ser observados. Em 2022, Marcos Tavares, ent\u00e3o vereador de Duque de Caxias, foi eleito o \u00fanico deputado federal do PDT no Rio de Janeiro. Agora, nas elei\u00e7\u00f5es de 2024, o partido obteve um resultado expressivo na cidade, conquistando a segunda maior vota\u00e7\u00e3o na chapa de vereadores do PDT em todo o estado: 44.583 votos (9,46% do total), garantindo tr\u00eas cadeiras na C\u00e2mara Municipal. Foram eleitos Clovinho Sempre Junto (7.564 votos), Catiti (6.221 votos) e Michele Tavares (5.826 votos).<\/p>\n<p>A reconstru\u00e7\u00e3o do PDT em Duque de Caxias \u00e9 essencial para o fortalecimento do projeto eleitoral do partido em todo o estado. Afinal, alguns dos principais col\u00e9gios eleitorais do Rio de Janeiro est\u00e3o na Baixada Fluminense. O trabalho j\u00e1 come\u00e7ou, e seguiremos unidos e atentos para construir, a cada dia, um partido vivo, capaz de responder aos anseios da sociedade.<\/p>\n<!-- AddThis Advanced Settings generic via filter on the_content --><!-- AddThis Share Buttons generic via filter on the_content -->","protected":false},"excerpt":{"rendered":"<p>&nbsp; Com a redemocratiza\u00e7\u00e3o do Brasil no final dos anos 1970 e a chegada de Brizola, surgiu o PDT, que rapidamente se tornou o grande representante eleitoral das classes populares do Estado do Rio de Janeiro. No entanto, talvez tenha sido no munic\u00edpio de Duque de Caxias, na Baixada Fluminense, que o partido encontrou uma&#8230;<!-- AddThis Advanced Settings generic via filter on wp_trim_excerpt --><!-- AddThis Share Buttons generic via filter on wp_trim_excerpt --><\/p>\n","protected":false},"author":17,"featured_media":84065,"comment_status":"closed","ping_status":"closed","sticky":false,"template":"","format":"standard","meta":{"_monsterinsights_skip_tracking":false,"_monsterinsights_sitenote_active":false,"_monsterinsights_sitenote_note":"","_monsterinsights_sitenote_category":0,"_uf_show_specific_survey":0,"_uf_disable_surveys":false,"footnotes":""},"categories":[1584,1390],"tags":[],"class_list":["post-84064","post","type-post","status-publish","format-standard","has-post-thumbnail","hentry","category-artigos","category-editorias"],"acf":[],"_links":{"self":[{"href":"https:\/\/pdt-rj.org.br\/index.php\/wp-json\/wp\/v2\/posts\/84064","targetHints":{"allow":["GET"]}}],"collection":[{"href":"https:\/\/pdt-rj.org.br\/index.php\/wp-json\/wp\/v2\/posts"}],"about":[{"href":"https:\/\/pdt-rj.org.br\/index.php\/wp-json\/wp\/v2\/types\/post"}],"author":[{"embeddable":true,"href":"https:\/\/pdt-rj.org.br\/index.php\/wp-json\/wp\/v2\/users\/17"}],"replies":[{"embeddable":true,"href":"https:\/\/pdt-rj.org.br\/index.php\/wp-json\/wp\/v2\/comments?post=84064"}],"version-history":[{"count":2,"href":"https:\/\/pdt-rj.org.br\/index.php\/wp-json\/wp\/v2\/posts\/84064\/revisions"}],"predecessor-version":[{"id":84067,"href":"https:\/\/pdt-rj.org.br\/index.php\/wp-json\/wp\/v2\/posts\/84064\/revisions\/84067"}],"wp:featuredmedia":[{"embeddable":true,"href":"https:\/\/pdt-rj.org.br\/index.php\/wp-json\/wp\/v2\/media\/84065"}],"wp:attachment":[{"href":"https:\/\/pdt-rj.org.br\/index.php\/wp-json\/wp\/v2\/media?parent=84064"}],"wp:term":[{"taxonomy":"category","embeddable":true,"href":"https:\/\/pdt-rj.org.br\/index.php\/wp-json\/wp\/v2\/categories?post=84064"},{"taxonomy":"post_tag","embeddable":true,"href":"https:\/\/pdt-rj.org.br\/index.php\/wp-json\/wp\/v2\/tags?post=84064"}],"curies":[{"name":"wp","href":"https:\/\/api.w.org\/{rel}","templated":true}]}}