{"id":84061,"date":"2025-02-18T11:57:55","date_gmt":"2025-02-18T14:57:55","guid":{"rendered":"https:\/\/pdt-rj.org.br\/?p=84061"},"modified":"2025-03-13T20:02:12","modified_gmt":"2025-03-13T23:02:12","slug":"rodrigo-neves-faz-encontro-de-gestores-para-avaliar-cumprimento-de-metas-em-niteroi","status":"publish","type":"post","link":"https:\/\/pdt-rj.org.br\/index.php\/rodrigo-neves-faz-encontro-de-gestores-para-avaliar-cumprimento-de-metas-em-niteroi\/","title":{"rendered":"Rodrigo Neves faz encontro de gestores para avaliar cumprimento de metas em Niter\u00f3i"},"content":{"rendered":"<p>O prefeito de Niter\u00f3i (RJ), Rodrigo Neves (PDT), reuniu o secretariado e presidentes de autarquias municipais, nesta ter\u00e7a-feira (04), no 2\u00ba Encontro de Gestores de 2025, para avaliar o cumprimento das entregas priorit\u00e1rias previstas no Plano de Metas de 100 Dias. V\u00e1rias metas j\u00e1 foram alcan\u00e7adas, entre elas, o in\u00edcio da opera\u00e7\u00e3o \u201cCa\u00e7a-Fios\u201d e a amplia\u00e7\u00e3o do programa Moeda Arariboia com a inclus\u00e3o de mais de 9, 5 mil fam\u00edlias.<\/p>\n<p>\u201cQuero deixar meu agradecimento pelos primeiros 35 dias de muita entrega e dedica\u00e7\u00e3o da equipe. Essa \u00e9 uma reuni\u00e3o de acompanhamento e monitoramento de resultados para avaliar os desafios deste in\u00edcio de governo. \u00c9 importante que cada um tenha clareza do seu papel e da confian\u00e7a do povo de Niter\u00f3i na gest\u00e3o p\u00fablica. A sociedade espera da gente essa capacidade de inovar. Cumprimos a principal promessa de campanha que foi a entrega de mais 9,5 mil cart\u00f5es da Moeda Arariboia. Isso significa que o cidad\u00e3o confia que o que \u00e9 dito ser\u00e1 cumprido. Estamos trabalhando fortemente para que esse seja o melhor governo que Niter\u00f3i j\u00e1 teve\u201d, refor\u00e7ou o prefeito.<\/p>\n<p>Logo nos primeiros dias de governo, o Programa Moeda Social Ararib\u00f3ia foi expandido permitindo que m\u00e3es at\u00edpicas e idosos tivessem direito ao benef\u00edcio. A conserva\u00e7\u00e3o da cidade tamb\u00e9m \u00e9 uma prioridade nos primeiros 100 dias de governo. O programa Ca\u00e7a-Fios foi iniciado logo no in\u00edcio da gest\u00e3o, com o objetivo de retirar as fia\u00e7\u00f5es de telefonia e internet que est\u00e3o sem uso. J\u00e1 o programa Cidade Limpa realiza por toda a cidade a\u00e7\u00f5es coordenadas de capinagem, limpeza, lavagem de ruas, pintura de meio fio, entre outros. Al\u00e9m disso, os programas Cal\u00e7ada Livre e Polui\u00e7\u00e3o Visual Zero tamb\u00e9m est\u00e3o em andamento.<\/p>\n<p>\u201cEsses primeiros dias de governo foram um desafio para mim e estou muito feliz. Sob a lideran\u00e7a do nosso prefeito, vejo todos muito comprometidos com a realiza\u00e7\u00e3o das entregas e isso \u00e9 que faz a diferen\u00e7a. Tenho certeza que a gente vai continuar nesse ritmo, com muita for\u00e7a nos 100 dias de governo. Vamos em frente por Niter\u00f3i, porque a gente ama a nossa cidade e vamos colocar nossos sonhos ainda mais altos\u201d, disse a vice-prefeita Isabel Swan.<\/p>\n<p>A secret\u00e1ria de Planejamento, Or\u00e7amento e Moderniza\u00e7\u00e3o da Gest\u00e3o, Isadora Modesto falou sobre o alinhamento dos gestores, essencial para o cumprimento das entregas previstas no Plano de Metas de 100 Dias.<\/p>\n<p>\u201cO nosso planejamento \u00e9 alinhado com toda a Prefeitura para garantir que as a\u00e7\u00f5es cheguem de forma r\u00e1pida e realmente fa\u00e7am a diferen\u00e7a na vida das pessoas. Estamos investindo em \u00e1reas essenciais como sa\u00fade, educa\u00e7\u00e3o e assist\u00eancia social e, para isso, \u00e9 fundamental que todas as secretarias trabalhem juntas. O Plano de Metas ajuda na organiza\u00e7\u00e3o das prioridades e garante que toda a administra\u00e7\u00e3o municipal avance com mais efici\u00eancia para construir uma cidade melhor para todos\u201d, destacou Isadora.<\/p>\n<p>J\u00e1 na \u00e1rea da educa\u00e7\u00e3o, uma das prioridades \u00e9 a entrega dos kits escolares completos e uniformes para os alunos da Rede Municipal de Educa\u00e7\u00e3o antes da volta \u00e0s aulas. Al\u00e9m disso, foi institu\u00eddo o programa \u201cQuarta-feira presente na escola\u201d, que tem como objetivo oferecer atividades pedag\u00f3gicas, esportivas e culturais complementares para os alunos durante o hor\u00e1rio de planejamento dos professores, \u00e0s quartas-feiras, evitando que os estudantes sejam dispensados mais cedo.<\/p>\n<p>Na seguran\u00e7a, a prefeitura est\u00e1 avan\u00e7ando na instala\u00e7\u00e3o de mais 110 c\u00e2meras de monitoramento na rede de fibra \u00f3ptica do Centro Integrado de Seguran\u00e7a P\u00fablica, aprimorando a tecnologia para ampliar uma maior sensa\u00e7\u00e3o de seguran\u00e7a para a popula\u00e7\u00e3o. Tamb\u00e9m foi iniciado o \u201cPlano Ver\u00e3o\u201d, que re\u00fane as principais a\u00e7\u00f5es para preparar a cidade diante das condi\u00e7\u00f5es t\u00edpicas da esta\u00e7\u00e3o e tem como objetivo fiscalizar irregularidades, como em cal\u00e7adas p\u00fablicas e estacionamento indevido, bem como apreender itens lesivos ao meio ambiente e a popula\u00e7\u00e3o.<\/p>\n<p>Em rela\u00e7\u00e3o \u00e0 infraestrutura, foram publicadas tamb\u00e9m duas ordens de in\u00edcio de obras importantes para a cidade, s\u00e3o elas: a segunda etapa da obra de drenagem da Av. Prefeito Silvio Pican\u00e7o, em Charitas, e a obra de alargamento da entrada de S\u00e3o Francisco. Al\u00e9m disso, as NitBikes tamb\u00e9m est\u00e3o sendo ampliadas. Nesta semana, foi inaugurada a 50\u00aa esta\u00e7\u00e3o das \u2018roxinhas\u2019.<\/p>\n<!-- AddThis Advanced Settings generic via filter on the_content --><!-- AddThis Share Buttons generic via filter on the_content -->","protected":false},"excerpt":{"rendered":"<p>O prefeito de Niter\u00f3i (RJ), Rodrigo Neves (PDT), reuniu o secretariado e presidentes de autarquias municipais, nesta ter\u00e7a-feira (04), no 2\u00ba Encontro de Gestores de 2025, para avaliar o cumprimento das entregas priorit\u00e1rias previstas no Plano de Metas de 100 Dias. V\u00e1rias metas j\u00e1 foram alcan\u00e7adas, entre elas, o in\u00edcio da opera\u00e7\u00e3o \u201cCa\u00e7a-Fios\u201d e a&#8230;<!-- AddThis Advanced Settings generic via filter on wp_trim_excerpt --><!-- AddThis Share Buttons generic via filter on wp_trim_excerpt --><\/p>\n","protected":false},"author":17,"featured_media":84062,"comment_status":"closed","ping_status":"closed","sticky":false,"template":"","format":"standard","meta":{"_monsterinsights_skip_tracking":false,"_monsterinsights_sitenote_active":false,"_monsterinsights_sitenote_note":"","_monsterinsights_sitenote_category":0,"_uf_show_specific_survey":0,"_uf_disable_surveys":false,"footnotes":""},"categories":[1390,1402],"tags":[],"class_list":["post-84061","post","type-post","status-publish","format-standard","has-post-thumbnail","hentry","category-editorias","category-cidades"],"acf":[],"_links":{"self":[{"href":"https:\/\/pdt-rj.org.br\/index.php\/wp-json\/wp\/v2\/posts\/84061","targetHints":{"allow":["GET"]}}],"collection":[{"href":"https:\/\/pdt-rj.org.br\/index.php\/wp-json\/wp\/v2\/posts"}],"about":[{"href":"https:\/\/pdt-rj.org.br\/index.php\/wp-json\/wp\/v2\/types\/post"}],"author":[{"embeddable":true,"href":"https:\/\/pdt-rj.org.br\/index.php\/wp-json\/wp\/v2\/users\/17"}],"replies":[{"embeddable":true,"href":"https:\/\/pdt-rj.org.br\/index.php\/wp-json\/wp\/v2\/comments?post=84061"}],"version-history":[{"count":3,"href":"https:\/\/pdt-rj.org.br\/index.php\/wp-json\/wp\/v2\/posts\/84061\/revisions"}],"predecessor-version":[{"id":84086,"href":"https:\/\/pdt-rj.org.br\/index.php\/wp-json\/wp\/v2\/posts\/84061\/revisions\/84086"}],"wp:featuredmedia":[{"embeddable":true,"href":"https:\/\/pdt-rj.org.br\/index.php\/wp-json\/wp\/v2\/media\/84062"}],"wp:attachment":[{"href":"https:\/\/pdt-rj.org.br\/index.php\/wp-json\/wp\/v2\/media?parent=84061"}],"wp:term":[{"taxonomy":"category","embeddable":true,"href":"https:\/\/pdt-rj.org.br\/index.php\/wp-json\/wp\/v2\/categories?post=84061"},{"taxonomy":"post_tag","embeddable":true,"href":"https:\/\/pdt-rj.org.br\/index.php\/wp-json\/wp\/v2\/tags?post=84061"}],"curies":[{"name":"wp","href":"https:\/\/api.w.org\/{rel}","templated":true}]}}