{"id":84046,"date":"2025-02-18T11:43:54","date_gmt":"2025-02-18T14:43:54","guid":{"rendered":"https:\/\/pdt-rj.org.br\/?p=84046"},"modified":"2025-02-18T11:43:54","modified_gmt":"2025-02-18T14:43:54","slug":"martha-rocha-assumira-secretaria-municipal-de-assistencia-social-do-rio-de-janeiro","status":"publish","type":"post","link":"https:\/\/pdt-rj.org.br\/index.php\/martha-rocha-assumira-secretaria-municipal-de-assistencia-social-do-rio-de-janeiro\/","title":{"rendered":"Martha Rocha assumir\u00e1 Secretaria Municipal de Assist\u00eancia Social do Rio de Janeiro"},"content":{"rendered":"<p>A deputada estadual e presidente em exerc\u00edcio do PDT fluminense, Martha Rocha, ser\u00e1 a nova secret\u00e1ria de Assist\u00eancia Social da Prefeitura do Rio de Janeiro, a partir de janeiro de 2025. O an\u00fancio foi feito, nesta segunda-feira (16), pelo prefeito Eduardo Paes nas suas redes socais.<\/p>\n<p>Ao mencionar a import\u00e2ncia da pasta, que abrange, segundo ela, \u201cuma \u00e1rea multidisciplinar, extremamente sens\u00edvel\u201d, e com \u201cinterlocu\u00e7\u00e3o com outros \u00f3rg\u00e3os e secretarias\u201d, a lideran\u00e7a trabalhista indicou que a experi\u00eancia como parlamentar e gestora no governo do estado ser\u00e3o diferenciais no novo desafio.<\/p>\n<p>\u201cO foco da nossa secretaria \u00e9 cuidar de quem mais precisa. Tenham certeza de que eu e minha equipe vamos trabalhar muito para levar dignidade, qualidade de vida e acolhimento para cada indiv\u00edduo e para cada fam\u00edlia carioca que precisa da gente\u201d, disse, nas redes sociais, ao complementar: \u201cPoder servir a nossa cidade \u00e9 uma honra\u201d.<\/p>\n<p>Na postagem, Eduardo Paes destacou as qualifica\u00e7\u00f5es da pedetista e a hist\u00f3rica liga\u00e7\u00e3o do partido com as causas populares.<\/p>\n<p>\u201cA competente, diligente, s\u00e9ria e preparada deputada Martha Rocha nos honra em aceitar caminhar ao nosso lado nessa gest\u00e3o. Vamos juntos, representando o partido dos mais pobres \u2013 o PDT do Rio de Janeiro -, nessa jornada para cuidar principalmente daqueles que mais precisam! Seja muito bem-vinda\u201d, afirmou o prefeito reeleito, que ter\u00e1 Eduardo Cavaliere como vice.<\/p>\n<!-- AddThis Advanced Settings generic via filter on the_content --><!-- AddThis Share Buttons generic via filter on the_content -->","protected":false},"excerpt":{"rendered":"<p>A deputada estadual e presidente em exerc\u00edcio do PDT fluminense, Martha Rocha, ser\u00e1 a nova secret\u00e1ria de Assist\u00eancia Social da Prefeitura do Rio de Janeiro, a partir de janeiro de 2025. O an\u00fancio foi feito, nesta segunda-feira (16), pelo prefeito Eduardo Paes nas suas redes socais. Ao mencionar a import\u00e2ncia da pasta, que abrange, segundo&#8230;<!-- AddThis Advanced Settings generic via filter on wp_trim_excerpt --><!-- AddThis Share Buttons generic via filter on wp_trim_excerpt --><\/p>\n","protected":false},"author":17,"featured_media":84047,"comment_status":"closed","ping_status":"closed","sticky":false,"template":"","format":"standard","meta":{"_monsterinsights_skip_tracking":false,"_monsterinsights_sitenote_active":false,"_monsterinsights_sitenote_note":"","_monsterinsights_sitenote_category":0,"_uf_show_specific_survey":0,"_uf_disable_surveys":false,"footnotes":""},"categories":[1390,1402],"tags":[],"class_list":["post-84046","post","type-post","status-publish","format-standard","has-post-thumbnail","hentry","category-editorias","category-cidades"],"acf":[],"_links":{"self":[{"href":"https:\/\/pdt-rj.org.br\/index.php\/wp-json\/wp\/v2\/posts\/84046","targetHints":{"allow":["GET"]}}],"collection":[{"href":"https:\/\/pdt-rj.org.br\/index.php\/wp-json\/wp\/v2\/posts"}],"about":[{"href":"https:\/\/pdt-rj.org.br\/index.php\/wp-json\/wp\/v2\/types\/post"}],"author":[{"embeddable":true,"href":"https:\/\/pdt-rj.org.br\/index.php\/wp-json\/wp\/v2\/users\/17"}],"replies":[{"embeddable":true,"href":"https:\/\/pdt-rj.org.br\/index.php\/wp-json\/wp\/v2\/comments?post=84046"}],"version-history":[{"count":1,"href":"https:\/\/pdt-rj.org.br\/index.php\/wp-json\/wp\/v2\/posts\/84046\/revisions"}],"predecessor-version":[{"id":84048,"href":"https:\/\/pdt-rj.org.br\/index.php\/wp-json\/wp\/v2\/posts\/84046\/revisions\/84048"}],"wp:featuredmedia":[{"embeddable":true,"href":"https:\/\/pdt-rj.org.br\/index.php\/wp-json\/wp\/v2\/media\/84047"}],"wp:attachment":[{"href":"https:\/\/pdt-rj.org.br\/index.php\/wp-json\/wp\/v2\/media?parent=84046"}],"wp:term":[{"taxonomy":"category","embeddable":true,"href":"https:\/\/pdt-rj.org.br\/index.php\/wp-json\/wp\/v2\/categories?post=84046"},{"taxonomy":"post_tag","embeddable":true,"href":"https:\/\/pdt-rj.org.br\/index.php\/wp-json\/wp\/v2\/tags?post=84046"}],"curies":[{"name":"wp","href":"https:\/\/api.w.org\/{rel}","templated":true}]}}