{"id":84032,"date":"2025-02-18T11:19:53","date_gmt":"2025-02-18T14:19:53","guid":{"rendered":"https:\/\/pdt-rj.org.br\/?p=84032"},"modified":"2025-02-18T11:19:53","modified_gmt":"2025-02-18T14:19:53","slug":"direitos-humanos-lupi-se-reune-com-representantes-da-emile-foundation-no-rio-de-janeiro","status":"publish","type":"post","link":"https:\/\/pdt-rj.org.br\/index.php\/direitos-humanos-lupi-se-reune-com-representantes-da-emile-foundation-no-rio-de-janeiro\/","title":{"rendered":"Direitos Humanos: Lupi se re\u00fane com representantes da Emile Foundation no Rio de Janeiro"},"content":{"rendered":"<p>O ministro da Previd\u00eancia Social, Carlos Lupi, recebeu nesta segunda-feira (18), na sede do PDT, no Rio de Janeiro, Mariam Lambert, cofundadora e CEO da Emile Foundation. A institui\u00e7\u00e3o \u00e9 uma organiza\u00e7\u00e3o civil que atua no retorno de crian\u00e7as ucranianas deportadas para a R\u00fassia.<\/p>\n<p>A discuss\u00e3o focou na possibilidade de trazer uma mensagem de paz e reconcilia\u00e7\u00e3o e contou com a participa\u00e7\u00e3o dos ganhadores do Pr\u00eamio Nobel da Paz, Oleksandra Matviichuk (Ucr\u00e2nia) e Aleksandr Cherkasov (R\u00fassia).<\/p>\n<p>Durante o encontro, Lupi ressaltou a import\u00e2ncia de fortalecer o di\u00e1logo internacional em prol dos direitos humanos, destacando o papel do G20 como um f\u00f3rum para a constru\u00e7\u00e3o de um futuro pac\u00edfico e cooperativo.<\/p>\n<p>Lupi, que tamb\u00e9m \u00e9 vice-presidente da Internacional Socialista (IS) relembrou que a organiza\u00e7\u00e3o j\u00e1 debateu a quest\u00e3o do conflito R\u00fassia x Ucr\u00e2nia em outras reuni\u00f5es, e defendeu as bandeiras hist\u00f3ricas do PDT de direitos humanos.<\/p>\n<p>\u201cO PDT tem compromisso hist\u00f3rico com os direitos humanos, se destacando pela defesa intransigente dos direitos das crian\u00e7as. Devemos concentrar nossos esfor\u00e7os para proteg\u00ea-las\u201d, destacou Lupi.<\/p>\n<p>&nbsp;<\/p>\n<!-- AddThis Advanced Settings generic via filter on the_content --><!-- AddThis Share Buttons generic via filter on the_content -->","protected":false},"excerpt":{"rendered":"<p>O ministro da Previd\u00eancia Social, Carlos Lupi, recebeu nesta segunda-feira (18), na sede do PDT, no Rio de Janeiro, Mariam Lambert, cofundadora e CEO da Emile Foundation. A institui\u00e7\u00e3o \u00e9 uma organiza\u00e7\u00e3o civil que atua no retorno de crian\u00e7as ucranianas deportadas para a R\u00fassia. A discuss\u00e3o focou na possibilidade de trazer uma mensagem de paz&#8230;<!-- AddThis Advanced Settings generic via filter on wp_trim_excerpt --><!-- AddThis Share Buttons generic via filter on wp_trim_excerpt --><\/p>\n","protected":false},"author":17,"featured_media":84033,"comment_status":"closed","ping_status":"closed","sticky":false,"template":"","format":"standard","meta":{"_monsterinsights_skip_tracking":false,"_monsterinsights_sitenote_active":false,"_monsterinsights_sitenote_note":"","_monsterinsights_sitenote_category":0,"_uf_show_specific_survey":0,"_uf_disable_surveys":false,"footnotes":""},"categories":[1390,3030],"tags":[],"class_list":["post-84032","post","type-post","status-publish","format-standard","has-post-thumbnail","hentry","category-editorias","category-internacional"],"acf":[],"_links":{"self":[{"href":"https:\/\/pdt-rj.org.br\/index.php\/wp-json\/wp\/v2\/posts\/84032","targetHints":{"allow":["GET"]}}],"collection":[{"href":"https:\/\/pdt-rj.org.br\/index.php\/wp-json\/wp\/v2\/posts"}],"about":[{"href":"https:\/\/pdt-rj.org.br\/index.php\/wp-json\/wp\/v2\/types\/post"}],"author":[{"embeddable":true,"href":"https:\/\/pdt-rj.org.br\/index.php\/wp-json\/wp\/v2\/users\/17"}],"replies":[{"embeddable":true,"href":"https:\/\/pdt-rj.org.br\/index.php\/wp-json\/wp\/v2\/comments?post=84032"}],"version-history":[{"count":1,"href":"https:\/\/pdt-rj.org.br\/index.php\/wp-json\/wp\/v2\/posts\/84032\/revisions"}],"predecessor-version":[{"id":84034,"href":"https:\/\/pdt-rj.org.br\/index.php\/wp-json\/wp\/v2\/posts\/84032\/revisions\/84034"}],"wp:featuredmedia":[{"embeddable":true,"href":"https:\/\/pdt-rj.org.br\/index.php\/wp-json\/wp\/v2\/media\/84033"}],"wp:attachment":[{"href":"https:\/\/pdt-rj.org.br\/index.php\/wp-json\/wp\/v2\/media?parent=84032"}],"wp:term":[{"taxonomy":"category","embeddable":true,"href":"https:\/\/pdt-rj.org.br\/index.php\/wp-json\/wp\/v2\/categories?post=84032"},{"taxonomy":"post_tag","embeddable":true,"href":"https:\/\/pdt-rj.org.br\/index.php\/wp-json\/wp\/v2\/tags?post=84032"}],"curies":[{"name":"wp","href":"https:\/\/api.w.org\/{rel}","templated":true}]}}