{"id":84029,"date":"2025-02-18T11:17:33","date_gmt":"2025-02-18T14:17:33","guid":{"rendered":"https:\/\/pdt-rj.org.br\/?p=84029"},"modified":"2025-02-18T11:17:33","modified_gmt":"2025-02-18T14:17:33","slug":"previdencia-social-e-dataprev-consolidam-modernizacao-dos-servicos-do-inss-e-da-pericia-medica-federal","status":"publish","type":"post","link":"https:\/\/pdt-rj.org.br\/index.php\/previdencia-social-e-dataprev-consolidam-modernizacao-dos-servicos-do-inss-e-da-pericia-medica-federal\/","title":{"rendered":"Previd\u00eancia Social e Dataprev consolidam moderniza\u00e7\u00e3o dos servi\u00e7os do INSS e da Per\u00edcia M\u00e9dica Federal"},"content":{"rendered":"<p>O Minist\u00e9rio da Previd\u00eancia Social e a Dataprev consolidaram, nos \u00faltimos dois anos, o processo de moderniza\u00e7\u00e3o dos servi\u00e7os do INSS e da Per\u00edcia M\u00e9dica Federal a partir da retomada de investimentos em infraestrutura e na contrata\u00e7\u00e3o de servidores. A avalia\u00e7\u00e3o \u00e9 do ministro Carlos Lupi, que participou nesta segunda-feira (5), no Rio de Janeiro (RJ), de debate no evento que marcou os 50 anos de cria\u00e7\u00e3o da institui\u00e7\u00e3o de tecnologia e informa\u00e7\u00f5es.<\/p>\n<p>Com a efetiva\u00e7\u00e3o de a\u00e7\u00f5es integradas, os mais de 40 milh\u00f5es de benefici\u00e1rios passaram a contar com atendimentos mais eficientes nos canais digitais, como o Meu INSS e Central 135, al\u00e9m das ag\u00eancias presentes em todas as regi\u00f5es do pa\u00eds.<\/p>\n<p>Entre as novidades, o aprimoramento da plataforma Atestmed, que permite o requerimento do benef\u00edcio por incapacidade tempor\u00e1ria (antigo aux\u00edlio-doen\u00e7a) atrav\u00e9s do envio do laudo m\u00e9dico pela internet; a cria\u00e7\u00e3o da Carteira do Benefici\u00e1rio e a introdu\u00e7\u00e3o da tecnologia biom\u00e9trica para contrata\u00e7\u00e3o de empr\u00e9stimos consignados.<\/p>\n<p>Acompanhado da secret\u00e1ria-executiva do Minist\u00e9rio da Gest\u00e3o e da Inova\u00e7\u00e3o em Servi\u00e7os P\u00fablicos (MGI), Cristina Kiomi Mori, e do presidente da empresa federal, Rodrigo Assump\u00e7\u00e3o, o ministro Lupi exaltou o resgate das institui\u00e7\u00f5es e a evolu\u00e7\u00e3o efetiva de pol\u00edticas estrat\u00e9gicas, que simbolizam o compromisso do governo federal com o desenvolvimento socialmente respons\u00e1vel do Brasil.<\/p>\n<p>\u201cGestora da maior base de dados do pa\u00eds, a moderna Dataprev \u00e9 uma pe\u00e7a fundamental da Previd\u00eancia Social, que mostra no nome a ess\u00eancia popular. \u00c9 um trabalho conjunto de promo\u00e7\u00e3o do progresso econ\u00f4mico com justi\u00e7a social\u201d, disse, mencionando o processamento mensal da folha de pagamento do Regime Geral, que investe mais de R$ 67 bilh\u00f5es por m\u00eas.<\/p>\n<p>\u201cCom efici\u00eancia e responsabilidade, estamos garantido, com a dedica\u00e7\u00e3o dos qualificados servidores e peritos, o pleno acesso \u00e0 cidadania de milh\u00f5es de brasileiros. \u00c9 dar direito a quem tem direito\u201d, completou, ao citar a contribui\u00e7\u00e3o do INSS, representado pelo presidente Alessandro Stefanutto.<\/p>\n<p>Para Cristina Kiomi Mori e Rodrigo Assump\u00e7\u00e3o, a Dataprev contribui com a garantia de direitos e a transforma\u00e7\u00e3o digital inclusiva.<\/p>\n<p>\u201cA Dataprev evolui, ao longo de 50 anos, a sua capacidade para entregar, a partir de uma infraestrutura de dados, os benef\u00edcios para a popula\u00e7\u00e3o. [\u2026] \u00c9 um ecossistema complexo que \u00e9 baseado, de forma integrada, nos dados protegidos pela a empresa estatal. Estamos fazendo a transi\u00e7\u00e3o digital sem deixar ningu\u00e9m para tr\u00e1s\u201d, relatou Cristina Mori.<\/p>\n<p>\u201cO v\u00ednculo com a Previd\u00eancia Social, que sempre estar\u00e1 na nossa hist\u00f3ria, \u00e9 um elemento central da Dataprev. Estamos crescendo e modernizando para apontar o futuro. [\u2026] Com capacidade e alcance, estamos a servi\u00e7o do Estado e do povo\u201d, acrescentou Rodrigo Assump\u00e7\u00e3o, comentando o avan\u00e7o do aprimoramento do processamento dos dados de registro civil.<\/p>\n<p>Por v\u00eddeo, a ministra do MGI, Esther Dweck, declarou que a companhia atua para facilitar a vida dos cidad\u00e3os.<\/p>\n<p>\u201cA Dataprev tem papel central na efetividade das pol\u00edticas p\u00fablicas. Ajudou a construir o Estado do presente e continua contribuindo com o Estado do futuro\u201d, concluiu.<\/p>\n<p>&nbsp;<\/p>\n<!-- AddThis Advanced Settings generic via filter on the_content --><!-- AddThis Share Buttons generic via filter on the_content -->","protected":false},"excerpt":{"rendered":"<p>O Minist\u00e9rio da Previd\u00eancia Social e a Dataprev consolidaram, nos \u00faltimos dois anos, o processo de moderniza\u00e7\u00e3o dos servi\u00e7os do INSS e da Per\u00edcia M\u00e9dica Federal a partir da retomada de investimentos em infraestrutura e na contrata\u00e7\u00e3o de servidores. A avalia\u00e7\u00e3o \u00e9 do ministro Carlos Lupi, que participou nesta segunda-feira (5), no Rio de Janeiro&#8230;<!-- AddThis Advanced Settings generic via filter on wp_trim_excerpt --><!-- AddThis Share Buttons generic via filter on wp_trim_excerpt --><\/p>\n","protected":false},"author":17,"featured_media":84030,"comment_status":"closed","ping_status":"closed","sticky":false,"template":"","format":"standard","meta":{"_monsterinsights_skip_tracking":false,"_monsterinsights_sitenote_active":false,"_monsterinsights_sitenote_note":"","_monsterinsights_sitenote_category":0,"_uf_show_specific_survey":0,"_uf_disable_surveys":false,"footnotes":""},"categories":[1390,1401],"tags":[],"class_list":["post-84029","post","type-post","status-publish","format-standard","has-post-thumbnail","hentry","category-editorias","category-nacional"],"acf":[],"_links":{"self":[{"href":"https:\/\/pdt-rj.org.br\/index.php\/wp-json\/wp\/v2\/posts\/84029","targetHints":{"allow":["GET"]}}],"collection":[{"href":"https:\/\/pdt-rj.org.br\/index.php\/wp-json\/wp\/v2\/posts"}],"about":[{"href":"https:\/\/pdt-rj.org.br\/index.php\/wp-json\/wp\/v2\/types\/post"}],"author":[{"embeddable":true,"href":"https:\/\/pdt-rj.org.br\/index.php\/wp-json\/wp\/v2\/users\/17"}],"replies":[{"embeddable":true,"href":"https:\/\/pdt-rj.org.br\/index.php\/wp-json\/wp\/v2\/comments?post=84029"}],"version-history":[{"count":1,"href":"https:\/\/pdt-rj.org.br\/index.php\/wp-json\/wp\/v2\/posts\/84029\/revisions"}],"predecessor-version":[{"id":84031,"href":"https:\/\/pdt-rj.org.br\/index.php\/wp-json\/wp\/v2\/posts\/84029\/revisions\/84031"}],"wp:featuredmedia":[{"embeddable":true,"href":"https:\/\/pdt-rj.org.br\/index.php\/wp-json\/wp\/v2\/media\/84030"}],"wp:attachment":[{"href":"https:\/\/pdt-rj.org.br\/index.php\/wp-json\/wp\/v2\/media?parent=84029"}],"wp:term":[{"taxonomy":"category","embeddable":true,"href":"https:\/\/pdt-rj.org.br\/index.php\/wp-json\/wp\/v2\/categories?post=84029"},{"taxonomy":"post_tag","embeddable":true,"href":"https:\/\/pdt-rj.org.br\/index.php\/wp-json\/wp\/v2\/tags?post=84029"}],"curies":[{"name":"wp","href":"https:\/\/api.w.org\/{rel}","templated":true}]}}