{"id":84022,"date":"2025-02-18T11:00:40","date_gmt":"2025-02-18T14:00:40","guid":{"rendered":"https:\/\/pdt-rj.org.br\/?p=84022"},"modified":"2025-02-18T11:01:20","modified_gmt":"2025-02-18T14:01:20","slug":"rodrigo-neves-e-eleito-prefeito-de-niteroi-pela-terceira-vez","status":"publish","type":"post","link":"https:\/\/pdt-rj.org.br\/index.php\/rodrigo-neves-e-eleito-prefeito-de-niteroi-pela-terceira-vez\/","title":{"rendered":"Rodrigo Neves \u00e9 eleito prefeito de Niter\u00f3i pela terceira vez"},"content":{"rendered":"<p>Rodrigo Neves (PDT) foi eleito neste domingo (27) para seu terceiro mandato como prefeito de Niter\u00f3i (RJ). Ele teve 156.067 votos, ou\u00a057,20%\u00a0dos votos v\u00e1lidos nesse 2\u00b0 turno, derrotando o deputado federal Carlos Jordy (PL), que terminou com 42,80% dos votos v\u00e1lidos, ou 116.796 eleitores.<\/p>\n<p>Aos 48 anos, Rodrigo repetiu sua performance eleitoral das elei\u00e7\u00f5es de 2012 e 2016. Em sua primeira vit\u00f3ria no munic\u00edpio, quando era filiado ao PT, Neves venceu no 2\u00ba turno seu atual aliado Felipe Peixoto (PDT), com 52% dos votos v\u00e1lidos.<\/p>\n<p>J\u00e1 em 2016, a reelei\u00e7\u00e3o tamb\u00e9m veio no 2\u00b0 turno, novamente derrotando Felipe Peixoto (PSB). Na ocasi\u00e3o, Rodrigo foi candidato pelo PV e teve 58,59% dos votos do 2\u00ba turno.<\/p>\n<p>A vice-prefeita de Niter\u00f3i a partir de 2025 ser\u00e1 a ex-velejadora e medalhista ol\u00edmpica\u00a0Isabel Swan\u00a0(PV). A coliga\u00e7\u00e3o \u2018Por Amor a Niter\u00f3i\u2019 conta com os partidos: PDT, PT, PC do B, PV, PSDB, Cidadania, MDB, Uni\u00e3o Brasil, Solidariedade, Republicanos, AGIR, PRD e PSD.<\/p>\n<p>O prefeito eleito de Niter\u00f3iregistrou seu voto na manh\u00e3 deste domingo (27) na Faculdade de Veterin\u00e1ria da Universidade Federal Fluminense (UFF). Junto com a fam\u00edlia, Rodrigo Neves prometeu investir na infraestrutura do munic\u00edpio.<\/p>\n<p>\u201cJ\u00e1 somos a melhor cidade em qualidade de vida no\u00a0Rio de Janeiro, mas sabemos que tem que melhorar. Queremos ser a melhor cidade em qualidade de vida no Brasil\u201d, disse Rodrigo Neves, logo depois de votar.<\/p>\n<!-- AddThis Advanced Settings generic via filter on the_content --><!-- AddThis Share Buttons generic via filter on the_content -->","protected":false},"excerpt":{"rendered":"<p>Rodrigo Neves (PDT) foi eleito neste domingo (27) para seu terceiro mandato como prefeito de Niter\u00f3i (RJ). Ele teve 156.067 votos, ou\u00a057,20%\u00a0dos votos v\u00e1lidos nesse 2\u00b0 turno, derrotando o deputado federal Carlos Jordy (PL), que terminou com 42,80% dos votos v\u00e1lidos, ou 116.796 eleitores. Aos 48 anos, Rodrigo repetiu sua performance eleitoral das elei\u00e7\u00f5es de&#8230;<!-- AddThis Advanced Settings generic via filter on wp_trim_excerpt --><!-- AddThis Share Buttons generic via filter on wp_trim_excerpt --><\/p>\n","protected":false},"author":17,"featured_media":84024,"comment_status":"closed","ping_status":"closed","sticky":false,"template":"","format":"standard","meta":{"_monsterinsights_skip_tracking":false,"_monsterinsights_sitenote_active":false,"_monsterinsights_sitenote_note":"","_monsterinsights_sitenote_category":0,"_uf_show_specific_survey":0,"_uf_disable_surveys":false,"footnotes":""},"categories":[1390,1402],"tags":[],"class_list":["post-84022","post","type-post","status-publish","format-standard","has-post-thumbnail","hentry","category-editorias","category-cidades"],"acf":[],"_links":{"self":[{"href":"https:\/\/pdt-rj.org.br\/index.php\/wp-json\/wp\/v2\/posts\/84022","targetHints":{"allow":["GET"]}}],"collection":[{"href":"https:\/\/pdt-rj.org.br\/index.php\/wp-json\/wp\/v2\/posts"}],"about":[{"href":"https:\/\/pdt-rj.org.br\/index.php\/wp-json\/wp\/v2\/types\/post"}],"author":[{"embeddable":true,"href":"https:\/\/pdt-rj.org.br\/index.php\/wp-json\/wp\/v2\/users\/17"}],"replies":[{"embeddable":true,"href":"https:\/\/pdt-rj.org.br\/index.php\/wp-json\/wp\/v2\/comments?post=84022"}],"version-history":[{"count":1,"href":"https:\/\/pdt-rj.org.br\/index.php\/wp-json\/wp\/v2\/posts\/84022\/revisions"}],"predecessor-version":[{"id":84023,"href":"https:\/\/pdt-rj.org.br\/index.php\/wp-json\/wp\/v2\/posts\/84022\/revisions\/84023"}],"wp:featuredmedia":[{"embeddable":true,"href":"https:\/\/pdt-rj.org.br\/index.php\/wp-json\/wp\/v2\/media\/84024"}],"wp:attachment":[{"href":"https:\/\/pdt-rj.org.br\/index.php\/wp-json\/wp\/v2\/media?parent=84022"}],"wp:term":[{"taxonomy":"category","embeddable":true,"href":"https:\/\/pdt-rj.org.br\/index.php\/wp-json\/wp\/v2\/categories?post=84022"},{"taxonomy":"post_tag","embeddable":true,"href":"https:\/\/pdt-rj.org.br\/index.php\/wp-json\/wp\/v2\/tags?post=84022"}],"curies":[{"name":"wp","href":"https:\/\/api.w.org\/{rel}","templated":true}]}}