{"id":84011,"date":"2025-02-18T10:46:06","date_gmt":"2025-02-18T13:46:06","guid":{"rendered":"https:\/\/pdt-rj.org.br\/?p=84011"},"modified":"2025-02-18T10:48:57","modified_gmt":"2025-02-18T13:48:57","slug":"lider-nas-pesquisas-rodrigo-neves-reafirma-prioridades-para-icarai","status":"publish","type":"post","link":"https:\/\/pdt-rj.org.br\/index.php\/lider-nas-pesquisas-rodrigo-neves-reafirma-prioridades-para-icarai\/","title":{"rendered":"L\u00edder nas pesquisas, Rodrigo Neves reafirma prioridades para Icara\u00ed"},"content":{"rendered":"<p><strong><em>Pedetista destaca projetos priorit\u00e1rios e refor\u00e7a compromisso com desenvolvimento de Niter\u00f3i<\/em><\/strong><\/p>\n<p>L\u00edder nas pesquisas do segundo turno das elei\u00e7\u00f5es, com 62% dos votos v\u00e1lidos, o candidato a prefeito de Niter\u00f3i, Rodrigo Neves (PDT), e a vice, Isabel Swan (PV), fizeram uma caminhada pela tradicional Rua Paulo Gustavo, em Icara\u00ed, na Zona Sul de Niter\u00f3i, na tarde desta segunda-feira (14).<\/p>\n<p>Acompanhados pelo deputado federal Eduardo Bandeira de Melo (PSB), pela deputada estadual Martha Rocha (PDT), pelo o ex-deputado Felipe Peixoto e pela presidente estadual do Cidadania Mulher, Juliana Ben\u00edcio, os candidatos fizeram corpo a corpo e conversaram com moradores e comerciantes do bairro. A caminhada teve in\u00edcio na padaria Beira-Mar e terminou com o tradicional italiano na lanchonete H\u00fangara.<\/p>\n<p>Durante o trajeto, Rodrigo ressaltou alguns dos projetos priorit\u00e1rios para o bairro, como o refor\u00e7o no efetivo e viaturas do Niter\u00f3i Presente; o programa de a\u00e7\u00e3o integrada para resolver a quest\u00e3o da popula\u00e7\u00e3o de rua, ainda no primeiro semestre do novo mandato; a nova orla de Icara\u00ed, que ter\u00e1 modernos quiosques, ciclovia, e decks com banheiros e chuveiros, as obras de macrodrenagem da Avenida Roberto Silveira com Rua Presidente Backer, para combater os alagamentos em dias de chuvas mais intensas; e a conclus\u00e3o do novo Cinema Icara\u00ed, que ser\u00e1 sede da Orquestra Sinf\u00f4nica Nacional, com uma sala de concertos, tr\u00eas salas de exibi\u00e7\u00e3o, cafeteria e restaurante.<\/p>\n<p>Rodrigo lembrou tamb\u00e9m de realiza\u00e7\u00f5es da sua gest\u00e3o como a cria\u00e7\u00e3o do Niter\u00f3i Presente, o investimento em seguran\u00e7a p\u00fablica e a redu\u00e7\u00e3o da criminalidade, o apoio \u00e0s empresas e profissionais liberais na \u00e9poca da Pandemia, a constru\u00e7\u00e3o do t\u00fanel Charitas Cafub\u00e1 e a implanta\u00e7\u00e3o de ciclovias. O pedetista disse ainda n\u00e3o ter d\u00favida de que a popula\u00e7\u00e3o vai rejeitar o despreparo e o extremismo no dia 27 de outubro.<\/p>\n<p>\u201cNiter\u00f3i tem uma voca\u00e7\u00e3o democr\u00e1tica e humanista. Isso tem a ver, \u00e9 claro, com a consci\u00eancia dos niteroienses. Estou muito animado, ao lado de Isabel Swan, medalhista ol\u00edmpica e p\u00f3s-graduada em gest\u00e3o pelo IBMEC, que ser\u00e1 a primeira Vice Prefeita da hist\u00f3ria de Niter\u00f3i, para fazer um governo melhor do que fiz. Vamos fazer Niter\u00f3i avan\u00e7ar, sem riscos de retrocessos, e transformar a nossa cidade na melhor em qualidade de vida do Brasil\u201d, destacou Rodrigo.<\/p>\n<!-- AddThis Advanced Settings generic via filter on the_content --><!-- AddThis Share Buttons generic via filter on the_content -->","protected":false},"excerpt":{"rendered":"<p>Pedetista destaca projetos priorit\u00e1rios e refor\u00e7a compromisso com desenvolvimento de Niter\u00f3i L\u00edder nas pesquisas do segundo turno das elei\u00e7\u00f5es, com 62% dos votos v\u00e1lidos, o candidato a prefeito de Niter\u00f3i, Rodrigo Neves (PDT), e a vice, Isabel Swan (PV), fizeram uma caminhada pela tradicional Rua Paulo Gustavo, em Icara\u00ed, na Zona Sul de Niter\u00f3i, na&#8230;<!-- AddThis Advanced Settings generic via filter on wp_trim_excerpt --><!-- AddThis Share Buttons generic via filter on wp_trim_excerpt --><\/p>\n","protected":false},"author":17,"featured_media":84013,"comment_status":"closed","ping_status":"closed","sticky":false,"template":"","format":"standard","meta":{"_monsterinsights_skip_tracking":false,"_monsterinsights_sitenote_active":false,"_monsterinsights_sitenote_note":"","_monsterinsights_sitenote_category":0,"_uf_show_specific_survey":0,"_uf_disable_surveys":false,"footnotes":""},"categories":[1390,1402,5419,5415],"tags":[],"class_list":["post-84011","post","type-post","status-publish","format-standard","has-post-thumbnail","hentry","category-editorias","category-cidades","category-editorias-2","category-rodrigo-neves"],"acf":[],"_links":{"self":[{"href":"https:\/\/pdt-rj.org.br\/index.php\/wp-json\/wp\/v2\/posts\/84011","targetHints":{"allow":["GET"]}}],"collection":[{"href":"https:\/\/pdt-rj.org.br\/index.php\/wp-json\/wp\/v2\/posts"}],"about":[{"href":"https:\/\/pdt-rj.org.br\/index.php\/wp-json\/wp\/v2\/types\/post"}],"author":[{"embeddable":true,"href":"https:\/\/pdt-rj.org.br\/index.php\/wp-json\/wp\/v2\/users\/17"}],"replies":[{"embeddable":true,"href":"https:\/\/pdt-rj.org.br\/index.php\/wp-json\/wp\/v2\/comments?post=84011"}],"version-history":[{"count":2,"href":"https:\/\/pdt-rj.org.br\/index.php\/wp-json\/wp\/v2\/posts\/84011\/revisions"}],"predecessor-version":[{"id":84014,"href":"https:\/\/pdt-rj.org.br\/index.php\/wp-json\/wp\/v2\/posts\/84011\/revisions\/84014"}],"wp:featuredmedia":[{"embeddable":true,"href":"https:\/\/pdt-rj.org.br\/index.php\/wp-json\/wp\/v2\/media\/84013"}],"wp:attachment":[{"href":"https:\/\/pdt-rj.org.br\/index.php\/wp-json\/wp\/v2\/media?parent=84011"}],"wp:term":[{"taxonomy":"category","embeddable":true,"href":"https:\/\/pdt-rj.org.br\/index.php\/wp-json\/wp\/v2\/categories?post=84011"},{"taxonomy":"post_tag","embeddable":true,"href":"https:\/\/pdt-rj.org.br\/index.php\/wp-json\/wp\/v2\/tags?post=84011"}],"curies":[{"name":"wp","href":"https:\/\/api.w.org\/{rel}","templated":true}]}}