{"id":84005,"date":"2025-02-18T10:33:06","date_gmt":"2025-02-18T13:33:06","guid":{"rendered":"https:\/\/pdt-rj.org.br\/?p=84005"},"modified":"2025-02-18T10:44:03","modified_gmt":"2025-02-18T13:44:03","slug":"pdt-promove-reuniao-do-comite-para-america-latina-e-caribe-da-internacional-socialista-no-rio-de-janeiro","status":"publish","type":"post","link":"https:\/\/pdt-rj.org.br\/index.php\/pdt-promove-reuniao-do-comite-para-america-latina-e-caribe-da-internacional-socialista-no-rio-de-janeiro\/","title":{"rendered":"PDT promove reuni\u00e3o do Comit\u00ea para Am\u00e9rica Latina e Caribe da Internacional Socialista no Rio de Janeiro"},"content":{"rendered":"<p><strong><em>Membros analisam panoramas pol\u00edtico, social e econ\u00f4mico do continente e buscam a\u00e7\u00f5es integradas<\/em><\/strong><\/p>\n<p>O PDT promover\u00e1 entre os dias 19 e 20 de outubro, na cidade do Rio de Janeiro (RJ), a reuni\u00e3o anual do Comit\u00ea para Am\u00e9rica Latina e Caribe da Internacional Socialista (IS). Os membros, liderados pelo vice-presidente da organiza\u00e7\u00e3o e presidente nacional licenciado do partido brasileiro, Carlos Lupi, analisar\u00e3o os panoramas pol\u00edtico, social e econ\u00f4mico do continente e buscar\u00e3o a\u00e7\u00f5es integradas.<\/p>\n<p>Com a participa\u00e7\u00e3o do presidente do Comit\u00ea, Miguel Vargas, o colegiado aprofundar\u00e1 a discuss\u00e3o sobre a atua\u00e7\u00e3o da IS em temas estrat\u00e9gicos, que receber\u00e3o contribui\u00e7\u00f5es oriundas de encontros paralelos da Internacional Socialista de Mulheres (ISM) \u2013 programado para sexta-feira (18) \u2013 e de grupos de trabalho.<\/p>\n<p>Na pol\u00edtica, o impacto do populismo na estabilidade democr\u00e1tica, as estrat\u00e9gias para fortalecimento dos partidos socialistas e social-democratas, o combate \u00e0 desinforma\u00e7\u00e3o, a promo\u00e7\u00e3o de alian\u00e7as pol\u00edticas para coopera\u00e7\u00e3o regional e a crise pol\u00edtica e humanit\u00e1ria na Venezuela.<\/p>\n<p>Sobre a quest\u00e3o social, os representantes partid\u00e1rios avaliar\u00e3o propostas relacionadas \u00e0 igualdade de g\u00eanero e aos direitos das mulheres e minorias, bem como a mobiliza\u00e7\u00e3o para combater a pobreza e melhorar a distribui\u00e7\u00e3o de renda nos pa\u00edses americanos.<\/p>\n<p>Entre os desafios e oportunidades econ\u00f4micas para a regi\u00e3o, os participantes estimular\u00e3o ainda a constru\u00e7\u00e3o de um modelo de desenvolvimento focado na sustentabilidade, na inclus\u00e3o social e na inova\u00e7\u00e3o tecnol\u00f3gica.<\/p>\n<p>Ao final, o Comit\u00ea apresentar\u00e1 uma declara\u00e7\u00e3o que incluir\u00e1 as conclus\u00f5es consolidadas e as propostas de a\u00e7\u00e3o e agenda de trabalho aprovadas para o pr\u00f3ximo ano.<\/p>\n<p>Segundo Carlos Lupi, que tamb\u00e9m \u00e9 ministro da Previd\u00eancia Social no Brasil, o evento simboliza o comprometimento da IS com pautas fundamentais para uma \u201cevolu\u00e7\u00e3o socialmente respons\u00e1vel das na\u00e7\u00f5es\u201d.<\/p>\n<p>\u201cA Internacional Socialista tem um papel determinante na prote\u00e7\u00e3o de direitos, no progresso econ\u00f4mico com olhar para os mais vulner\u00e1veis e no enfrentamento da extrema direita. Por isso, a presen\u00e7a do Comit\u00ea, no Brasil, mostra a relev\u00e2ncia e o potencial do PDT e da nossa na\u00e7\u00e3o na constru\u00e7\u00e3o de sa\u00eddas efetivas para crises locais e mundiais\u201d, afirmou.<\/p>\n<p><strong>Representatividade<\/strong><\/p>\n<p>Com cerca de 170 organiza\u00e7\u00f5es partid\u00e1rias filiadas oriundas de 120 pa\u00edses de todos os continentes, a IS realiza congressos plenos a cada tr\u00eas anos, enquanto o seu Conselho se re\u00fane duas vezes por ano.<\/p>\n<p>Membro efetivo da IS desde o Congresso realizado em Estocolmo, na Su\u00e9cia, em 1989, o PDT foi o primeiro partido brasileiro a integrar os quadros do organismo internacional e o seu fundador, Leonel Brizola, o primeiro brasileiro a eleger-se vice-presidente.<\/p>\n<p><strong>Programa\u00e7\u00e3o:<\/strong><br \/>\nSexta-feira (18\/10)<br \/>\n9h30 \u00e0s 16h: Reuni\u00e3o da Internacional Socialista de Mulheres (ISM)<br \/>\nLocal: Sede do PDT \u2013 Rua do Teatro, 39 \u2013 Centro, Rio de Janeiro (RJ)<\/p>\n<p>S\u00e1bado (19\/10):<br \/>\n9h30 \u00e0s 10h15 \u2013 Abertura da reuni\u00e3o anual do Comit\u00ea para Am\u00e9rica Latina e Caribe da Internacional Socialista (IS) e coletiva de imprensa<\/p>\n<p>10h30 \u00e0s 13h15: Primeira sess\u00e3o do Comit\u00ea<\/p>\n<p>14h30 \u00e0s 16h30 \u2013 Segunda sess\u00e3o do Comit\u00ea<br \/>\nLocal: Pestana Rio Atl\u00e2ntica \u2013 Av. Atl\u00e2ntica, 2964 \u2013 Copacabana, Rio de Janeiro (RJ)<\/p>\n<p>Domingo (20\/10):<br \/>\n9h30 \u00e0s 13h30: Terceira sess\u00e3o do Comit\u00ea e encerramento<br \/>\nLocal: Pestana Rio Atl\u00e2ntica \u2013 Av. Atl\u00e2ntica, 2964 \u2013 Copacabana, Rio de Janeiro (RJ)<\/p>\n<!-- AddThis Advanced Settings generic via filter on the_content --><!-- AddThis Share Buttons generic via filter on the_content -->","protected":false},"excerpt":{"rendered":"<p>Membros analisam panoramas pol\u00edtico, social e econ\u00f4mico do continente e buscam a\u00e7\u00f5es integradas O PDT promover\u00e1 entre os dias 19 e 20 de outubro, na cidade do Rio de Janeiro (RJ), a reuni\u00e3o anual do Comit\u00ea para Am\u00e9rica Latina e Caribe da Internacional Socialista (IS). Os membros, liderados pelo vice-presidente da organiza\u00e7\u00e3o e presidente nacional&#8230;<!-- AddThis Advanced Settings generic via filter on wp_trim_excerpt --><!-- AddThis Share Buttons generic via filter on wp_trim_excerpt --><\/p>\n","protected":false},"author":17,"featured_media":84006,"comment_status":"closed","ping_status":"closed","sticky":false,"template":"","format":"standard","meta":{"_monsterinsights_skip_tracking":false,"_monsterinsights_sitenote_active":false,"_monsterinsights_sitenote_note":"","_monsterinsights_sitenote_category":0,"_uf_show_specific_survey":0,"_uf_disable_surveys":false,"footnotes":""},"categories":[1390,5419,3030],"tags":[],"class_list":["post-84005","post","type-post","status-publish","format-standard","has-post-thumbnail","hentry","category-editorias","category-editorias-2","category-internacional"],"acf":[],"_links":{"self":[{"href":"https:\/\/pdt-rj.org.br\/index.php\/wp-json\/wp\/v2\/posts\/84005","targetHints":{"allow":["GET"]}}],"collection":[{"href":"https:\/\/pdt-rj.org.br\/index.php\/wp-json\/wp\/v2\/posts"}],"about":[{"href":"https:\/\/pdt-rj.org.br\/index.php\/wp-json\/wp\/v2\/types\/post"}],"author":[{"embeddable":true,"href":"https:\/\/pdt-rj.org.br\/index.php\/wp-json\/wp\/v2\/users\/17"}],"replies":[{"embeddable":true,"href":"https:\/\/pdt-rj.org.br\/index.php\/wp-json\/wp\/v2\/comments?post=84005"}],"version-history":[{"count":4,"href":"https:\/\/pdt-rj.org.br\/index.php\/wp-json\/wp\/v2\/posts\/84005\/revisions"}],"predecessor-version":[{"id":84010,"href":"https:\/\/pdt-rj.org.br\/index.php\/wp-json\/wp\/v2\/posts\/84005\/revisions\/84010"}],"wp:featuredmedia":[{"embeddable":true,"href":"https:\/\/pdt-rj.org.br\/index.php\/wp-json\/wp\/v2\/media\/84006"}],"wp:attachment":[{"href":"https:\/\/pdt-rj.org.br\/index.php\/wp-json\/wp\/v2\/media?parent=84005"}],"wp:term":[{"taxonomy":"category","embeddable":true,"href":"https:\/\/pdt-rj.org.br\/index.php\/wp-json\/wp\/v2\/categories?post=84005"},{"taxonomy":"post_tag","embeddable":true,"href":"https:\/\/pdt-rj.org.br\/index.php\/wp-json\/wp\/v2\/tags?post=84005"}],"curies":[{"name":"wp","href":"https:\/\/api.w.org\/{rel}","templated":true}]}}