{"id":83993,"date":"2022-11-07T14:07:49","date_gmt":"2022-11-07T16:07:49","guid":{"rendered":"https:\/\/pdt-rj.org.br\/?p=83993"},"modified":"2022-11-07T14:07:49","modified_gmt":"2022-11-07T16:07:49","slug":"lupi-sobre-apoio-do-pdt-a-lula-queremos-um-brasil-justo-e-democratico","status":"publish","type":"post","link":"https:\/\/pdt-rj.org.br\/index.php\/lupi-sobre-apoio-do-pdt-a-lula-queremos-um-brasil-justo-e-democratico\/","title":{"rendered":"Lupi sobre apoio do PDT a Lula: \u201cQueremos um Brasil justo e democr\u00e1tico\u201d"},"content":{"rendered":"<p style=\"font-weight: 400;\"><strong>Presidente nacional do partido reafirma inten\u00e7\u00e3o de contribuir com progresso integrado do novo governo<\/strong><\/p>\n<p style=\"font-weight: 400;\">O presidente nacional do PDT, Carlos Lupi, afirmou, em entrevista \u00e0 Carta Capital na \u00faltima sexta-feira (4), que o partido busca contribuir com o progresso do governo do presidente da Rep\u00fablica eleito, Luiz In\u00e1cio Lula da Silva, para garantir avan\u00e7os \u201cde compromissos democr\u00e1ticos e populares\u201d. Para o pedetista, o alinhamento favorece \u201cum Brasil livre, sem discrimina\u00e7\u00e3o e soberano\u201d.<\/p>\n<p style=\"font-weight: 400;\">\u201cN\u00f3s temos que ajud\u00e1-los na base do Parlamento e na interlocu\u00e7\u00e3o com a sociedade. N\u00f3s n\u00e3o exigimos nada e n\u00e3o temos nenhuma pr\u00e9-condi\u00e7\u00e3o. N\u00f3s queremos um Brasil justo, democr\u00e1tico e fraterno\u201d, garantiu, ao destacar a participa\u00e7\u00e3o do deputado federal Wolney Queiroz, na equipe de transi\u00e7\u00e3o petista.<\/p>\n<p style=\"font-weight: 400;\">\u201cJ\u00e1 falei para o Lula que temos de colocar como prioridade a consolida\u00e7\u00e3o dessa base de apoio em cima de projetos, de programas, de compromissos democr\u00e1ticos e populares\u201d, completou.<\/p>\n<p style=\"font-weight: 400;\">Sobre a participa\u00e7\u00e3o com cargos, Lupi disse que o tema n\u00e3o foi discutido, pois a prioridade da sigla \u00e9 garantir a recupera\u00e7\u00e3o e o desenvolvimento do pa\u00eds diante da gravidade gerada pelo governo de Jair Bolsonaro.<\/p>\n<p style=\"font-weight: 400;\">\u201cNem sequer foi ventilada qualquer proposta de qualquer cargo. Temos de apoiar o governo neste momento, pela gravidade que o Pa\u00eds vive. Temos de sair dessa divis\u00e3o de brasileiros e construir um Brasil para todos, incluindo, inclusive, aqueles que n\u00e3o conseguem entender a gente\u201d, explicou.<\/p>\n<p style=\"font-weight: 400;\">\u201cO sucesso do Lula \u00e9 o nosso sucesso, o insucesso do Lula ser\u00e1 o nosso insucesso. N\u00e3o podemos colocar o interesse partid\u00e1rio que eu tenho acima do interesse do povo brasileiro\u201d, finalizou.<\/p>\n<p style=\"font-weight: 400;\">Confira\u00a0<a href=\"https:\/\/www.youtube.com\/watch?v=JkQ-27gJrPg\" data-saferedirecturl=\"https:\/\/www.google.com\/url?q=https:\/\/www.youtube.com\/watch?v%3DJkQ-27gJrPg&amp;source=gmail&amp;ust=1667919031778000&amp;usg=AOvVaw1Z1m-DfLX_CgTe0PRD7ogX\">aqui<\/a>\u00a0a \u00edntegra da entrevista.<\/p>\n<!-- AddThis Advanced Settings generic via filter on the_content --><!-- AddThis Share Buttons generic via filter on the_content -->","protected":false},"excerpt":{"rendered":"<p>Presidente nacional do partido reafirma inten\u00e7\u00e3o de contribuir com progresso integrado do novo governo O presidente nacional do PDT, Carlos Lupi, afirmou, em entrevista \u00e0 Carta Capital na \u00faltima sexta-feira (4), que o partido busca contribuir com o progresso do governo do presidente da Rep\u00fablica eleito, Luiz In\u00e1cio Lula da Silva, para garantir avan\u00e7os \u201cde&#8230;<!-- AddThis Advanced Settings generic via filter on wp_trim_excerpt --><!-- AddThis Share Buttons generic via filter on wp_trim_excerpt --><\/p>\n","protected":false},"author":17,"featured_media":83998,"comment_status":"closed","ping_status":"closed","sticky":false,"template":"","format":"standard","meta":{"_monsterinsights_skip_tracking":false,"_monsterinsights_sitenote_active":false,"_monsterinsights_sitenote_note":"","_monsterinsights_sitenote_category":0,"_uf_show_specific_survey":0,"_uf_disable_surveys":false,"footnotes":""},"categories":[5417,975,1401],"tags":[],"class_list":["post-83993","post","type-post","status-publish","format-standard","has-post-thumbnail","hentry","category-carlos-lupi","category-manchete","category-nacional"],"acf":[],"_links":{"self":[{"href":"https:\/\/pdt-rj.org.br\/index.php\/wp-json\/wp\/v2\/posts\/83993","targetHints":{"allow":["GET"]}}],"collection":[{"href":"https:\/\/pdt-rj.org.br\/index.php\/wp-json\/wp\/v2\/posts"}],"about":[{"href":"https:\/\/pdt-rj.org.br\/index.php\/wp-json\/wp\/v2\/types\/post"}],"author":[{"embeddable":true,"href":"https:\/\/pdt-rj.org.br\/index.php\/wp-json\/wp\/v2\/users\/17"}],"replies":[{"embeddable":true,"href":"https:\/\/pdt-rj.org.br\/index.php\/wp-json\/wp\/v2\/comments?post=83993"}],"version-history":[{"count":1,"href":"https:\/\/pdt-rj.org.br\/index.php\/wp-json\/wp\/v2\/posts\/83993\/revisions"}],"predecessor-version":[{"id":83995,"href":"https:\/\/pdt-rj.org.br\/index.php\/wp-json\/wp\/v2\/posts\/83993\/revisions\/83995"}],"wp:featuredmedia":[{"embeddable":true,"href":"https:\/\/pdt-rj.org.br\/index.php\/wp-json\/wp\/v2\/media\/83998"}],"wp:attachment":[{"href":"https:\/\/pdt-rj.org.br\/index.php\/wp-json\/wp\/v2\/media?parent=83993"}],"wp:term":[{"taxonomy":"category","embeddable":true,"href":"https:\/\/pdt-rj.org.br\/index.php\/wp-json\/wp\/v2\/categories?post=83993"},{"taxonomy":"post_tag","embeddable":true,"href":"https:\/\/pdt-rj.org.br\/index.php\/wp-json\/wp\/v2\/tags?post=83993"}],"curies":[{"name":"wp","href":"https:\/\/api.w.org\/{rel}","templated":true}]}}