{"id":83974,"date":"2022-11-07T10:25:28","date_gmt":"2022-11-07T12:25:28","guid":{"rendered":"https:\/\/pdt-rj.org.br\/?p=83974"},"modified":"2022-11-07T10:31:45","modified_gmt":"2022-11-07T12:31:45","slug":"novembro-negro-evidencia-legado-de-icones-trabalhistas-no-brasil","status":"publish","type":"post","link":"https:\/\/pdt-rj.org.br\/index.php\/novembro-negro-evidencia-legado-de-icones-trabalhistas-no-brasil\/","title":{"rendered":"\u201cNovembro Negro\u201d evidencia legado de \u00edcones trabalhistas no Brasil"},"content":{"rendered":"<p><strong>Campanha digital \u00e9 resultado da parceria do PDT-MS com o Centro de Mem\u00f3ria Trabalhista<\/strong><\/p>\n<p>O legado de \u00edcones trabalhistas em prol da popula\u00e7\u00e3o afrodescendente ganha nova evid\u00eancia, a partir desta segunda-feira (7), com a campanha digital \u201cNovembro Negro\u201d. A a\u00e7\u00e3o, pelas redes sociais, \u00e9 resultado da parceria do PDT de Mato Grosso do Sul com o Centro de Mem\u00f3ria Trabalhista (CMT).<\/p>\n<p>Entre imagens e v\u00eddeos, a iniciativa aborda as marcantes contribui\u00e7\u00f5es de Abdias Nascimento, Ca\u00f3, Edialeda Salgado, L\u00e9lia Gonzales, Rosalda Paim e Guerreiro Ramos para o fortalecimento da cultura e dos direitos sociais ao longo do \u00faltimo s\u00e9culo.<\/p>\n<p>O p\u00fablico poder\u00e1 aprofundar ainda mais o conhecimento sobre a tem\u00e1tica com o acesso gratuito a todo o acervo de cartilhas do CMT. Os links para download estar\u00e3o dispon\u00edveis nas postagens conjuntas realizadas no\u00a0<a href=\"https:\/\/www.facebook.com\/CentroDeMemoriaTrabalhista\">Facebook<\/a>\u00a0e\u00a0<a href=\"https:\/\/instagram.com\/pdtmsoficial?igshid=YmMyMTA2M2Y=\">Instagram<\/a>.<\/p>\n<p>Ao citar o encerramento no Dia da Consci\u00eancia Negra, celebrado em 20 de novembro, o coordenador do CMT, Henrique Mathiensen, abordou o compromisso do partido com suas origens.<\/p>\n<p>\u201cProduzimos uma campanha que visa recordar a luta de grandes nomes pedetistas na causa negra e evidenciar lutas e resist\u00eancias da popula\u00e7\u00e3o negra contra o racismo, o preconceito, a discrimina\u00e7\u00e3o racial e as desigualdades sociais\u201d, disse.<\/p>\n<!-- AddThis Advanced Settings generic via filter on the_content --><!-- AddThis Share Buttons generic via filter on the_content -->","protected":false},"excerpt":{"rendered":"<p>Campanha digital \u00e9 resultado da parceria do PDT-MS com o Centro de Mem\u00f3ria Trabalhista O legado de \u00edcones trabalhistas em prol da popula\u00e7\u00e3o afrodescendente ganha nova evid\u00eancia, a partir desta segunda-feira (7), com a campanha digital \u201cNovembro Negro\u201d. A a\u00e7\u00e3o, pelas redes sociais, \u00e9 resultado da parceria do PDT de Mato Grosso do Sul com&#8230;<!-- AddThis Advanced Settings generic via filter on wp_trim_excerpt --><!-- AddThis Share Buttons generic via filter on wp_trim_excerpt --><\/p>\n","protected":false},"author":17,"featured_media":83980,"comment_status":"closed","ping_status":"closed","sticky":false,"template":"","format":"standard","meta":{"_monsterinsights_skip_tracking":false,"_monsterinsights_sitenote_active":false,"_monsterinsights_sitenote_note":"","_monsterinsights_sitenote_category":0,"_uf_show_specific_survey":0,"_uf_disable_surveys":false,"footnotes":""},"categories":[1390,4549],"tags":[],"class_list":["post-83974","post","type-post","status-publish","format-standard","has-post-thumbnail","hentry","category-editorias","category-memoria"],"acf":[],"_links":{"self":[{"href":"https:\/\/pdt-rj.org.br\/index.php\/wp-json\/wp\/v2\/posts\/83974","targetHints":{"allow":["GET"]}}],"collection":[{"href":"https:\/\/pdt-rj.org.br\/index.php\/wp-json\/wp\/v2\/posts"}],"about":[{"href":"https:\/\/pdt-rj.org.br\/index.php\/wp-json\/wp\/v2\/types\/post"}],"author":[{"embeddable":true,"href":"https:\/\/pdt-rj.org.br\/index.php\/wp-json\/wp\/v2\/users\/17"}],"replies":[{"embeddable":true,"href":"https:\/\/pdt-rj.org.br\/index.php\/wp-json\/wp\/v2\/comments?post=83974"}],"version-history":[{"count":1,"href":"https:\/\/pdt-rj.org.br\/index.php\/wp-json\/wp\/v2\/posts\/83974\/revisions"}],"predecessor-version":[{"id":83976,"href":"https:\/\/pdt-rj.org.br\/index.php\/wp-json\/wp\/v2\/posts\/83974\/revisions\/83976"}],"wp:featuredmedia":[{"embeddable":true,"href":"https:\/\/pdt-rj.org.br\/index.php\/wp-json\/wp\/v2\/media\/83980"}],"wp:attachment":[{"href":"https:\/\/pdt-rj.org.br\/index.php\/wp-json\/wp\/v2\/media?parent=83974"}],"wp:term":[{"taxonomy":"category","embeddable":true,"href":"https:\/\/pdt-rj.org.br\/index.php\/wp-json\/wp\/v2\/categories?post=83974"},{"taxonomy":"post_tag","embeddable":true,"href":"https:\/\/pdt-rj.org.br\/index.php\/wp-json\/wp\/v2\/tags?post=83974"}],"curies":[{"name":"wp","href":"https:\/\/api.w.org\/{rel}","templated":true}]}}