{"id":83963,"date":"2022-11-06T11:48:27","date_gmt":"2022-11-06T13:48:27","guid":{"rendered":"https:\/\/pdt-rj.org.br\/?p=83963"},"modified":"2025-03-13T19:44:24","modified_gmt":"2025-03-13T22:44:24","slug":"centro-de-memoria-lanca-curso-virtual-estruturado-no-legado-do-trabalhismo","status":"publish","type":"post","link":"https:\/\/pdt-rj.org.br\/index.php\/centro-de-memoria-lanca-curso-virtual-estruturado-no-legado-do-trabalhismo\/","title":{"rendered":"Centro de Mem\u00f3ria lan\u00e7a curso virtual estruturado no legado do Trabalhismo"},"content":{"rendered":"<p><strong>Forma\u00e7\u00e3o pol\u00edtica pode ser realizada gratuitamente atrav\u00e9s de aulas no site da ULB<\/strong><\/p>\n<p>O Centro de Mem\u00f3ria Trabalhista (CMT) lan\u00e7ou, neste domingo (6), o curso de forma\u00e7\u00e3o pol\u00edtica \u201cDo positivismo ao Trabalhismo do s\u00e9culo XXI\u201d. Atrav\u00e9s de aulas gratuitas disponibilizadas na Universidade Aberta Leonel Brizola (ULB), o p\u00fablico poder\u00e1 conhecer, em detalhes, a contribui\u00e7\u00e3o da corrente pol\u00edtica do PDT desde o s\u00e9culo XX.<\/p>\n<p>Resgatando uma hist\u00f3ria popular iniciada na d\u00e9cada de 30 e enraizada na sociedade brasileira, o CMT mostra, em 13 epis\u00f3dios, conquistas e lutas das gest\u00f5es trabalhistas, incluindo as de Get\u00falio Vargas e Jo\u00e3o Goulart na presid\u00eancia da Rep\u00fablica, bem como de Leonel Brizola nos governos do Rio Grande do Sul e do Rio de Janeiro.<\/p>\n<p>\u201cO curso aborda a nossa hist\u00f3ria, de onde viemos, o que representou Vargas, Jo\u00e3o Goulart, Alberto Pasqualini, Leonel Brizola, enfim, esses vultos da hist\u00f3ria que foram a base de nossa forma\u00e7\u00e3o pol\u00edtica e ideol\u00f3gica\u201d, pontuou Carlos Lupi, presidente nacional do PDT, no encarte de divulga\u00e7\u00e3o.<\/p>\n<p>\u201cSim, n\u00f3s temos Hist\u00f3ria, e com letra mai\u00fascula. Hist\u00f3ria esta lavada em sangue, em desprendimento e de um profundo amor \u00e0 brasilidade e \u00e0s causas mais caras de nossa gente\u201d, acrescentou Manoel Dias, secret\u00e1rio-geral do partido.<\/p>\n<p>Na introdu\u00e7\u00e3o do produto pedetista, Henrique Mathiensen, coordenador do CMT, salientou que a trajet\u00f3ria trabalhista \u00e9 repleta de \u201cpercal\u00e7os, embates, conquistas, retrocessos e avan\u00e7os\u201d.<\/p>\n<p>\u201cEm quase um s\u00e9culo de exist\u00eancia, buscou suas ra\u00edzes no Positivismo e no trip\u00e9 principiol\u00f3gico de: soberania nacional, direitos sociais e desenvolvimento econ\u00f4mico\u201d, contextualizou, ao destacar a contribui\u00e7\u00e3o dos historiadores Wendel Pinheiro e Francisco Foureaux.<\/p>\n<p>Acesse o <a href=\"https:\/\/ulb.org.br\/\">site<\/a> da ULB para conferir as aulas, bem como o encarte com mais detalhes do curso: <a href=\"https:\/\/pdt-rj.org.br\/wp-content\/uploads\/2022\/11\/Do-positivismo-ao-Trabalhismo-do-seculo-XXI.pdf\">Do positivismo ao Trabalhismo do s\u00e9culo XXI<\/a>.<\/p>\n<!-- AddThis Advanced Settings generic via filter on the_content --><!-- AddThis Share Buttons generic via filter on the_content -->","protected":false},"excerpt":{"rendered":"<p>Forma\u00e7\u00e3o pol\u00edtica pode ser realizada gratuitamente atrav\u00e9s de aulas no site da ULB O Centro de Mem\u00f3ria Trabalhista (CMT) lan\u00e7ou, neste domingo (6), o curso de forma\u00e7\u00e3o pol\u00edtica \u201cDo positivismo ao Trabalhismo do s\u00e9culo XXI\u201d. Atrav\u00e9s de aulas gratuitas disponibilizadas na Universidade Aberta Leonel Brizola (ULB), o p\u00fablico poder\u00e1 conhecer, em detalhes, a contribui\u00e7\u00e3o da&#8230;<!-- AddThis Advanced Settings generic via filter on wp_trim_excerpt --><!-- AddThis Share Buttons generic via filter on wp_trim_excerpt --><\/p>\n","protected":false},"author":17,"featured_media":83964,"comment_status":"closed","ping_status":"closed","sticky":false,"template":"","format":"standard","meta":{"_monsterinsights_skip_tracking":false,"_monsterinsights_sitenote_active":false,"_monsterinsights_sitenote_note":"","_monsterinsights_sitenote_category":0,"_uf_show_specific_survey":0,"_uf_disable_surveys":false,"footnotes":""},"categories":[1390,1401],"tags":[],"class_list":["post-83963","post","type-post","status-publish","format-standard","has-post-thumbnail","hentry","category-editorias","category-nacional"],"acf":[],"_links":{"self":[{"href":"https:\/\/pdt-rj.org.br\/index.php\/wp-json\/wp\/v2\/posts\/83963","targetHints":{"allow":["GET"]}}],"collection":[{"href":"https:\/\/pdt-rj.org.br\/index.php\/wp-json\/wp\/v2\/posts"}],"about":[{"href":"https:\/\/pdt-rj.org.br\/index.php\/wp-json\/wp\/v2\/types\/post"}],"author":[{"embeddable":true,"href":"https:\/\/pdt-rj.org.br\/index.php\/wp-json\/wp\/v2\/users\/17"}],"replies":[{"embeddable":true,"href":"https:\/\/pdt-rj.org.br\/index.php\/wp-json\/wp\/v2\/comments?post=83963"}],"version-history":[{"count":9,"href":"https:\/\/pdt-rj.org.br\/index.php\/wp-json\/wp\/v2\/posts\/83963\/revisions"}],"predecessor-version":[{"id":83992,"href":"https:\/\/pdt-rj.org.br\/index.php\/wp-json\/wp\/v2\/posts\/83963\/revisions\/83992"}],"wp:featuredmedia":[{"embeddable":true,"href":"https:\/\/pdt-rj.org.br\/index.php\/wp-json\/wp\/v2\/media\/83964"}],"wp:attachment":[{"href":"https:\/\/pdt-rj.org.br\/index.php\/wp-json\/wp\/v2\/media?parent=83963"}],"wp:term":[{"taxonomy":"category","embeddable":true,"href":"https:\/\/pdt-rj.org.br\/index.php\/wp-json\/wp\/v2\/categories?post=83963"},{"taxonomy":"post_tag","embeddable":true,"href":"https:\/\/pdt-rj.org.br\/index.php\/wp-json\/wp\/v2\/tags?post=83963"}],"curies":[{"name":"wp","href":"https:\/\/api.w.org\/{rel}","templated":true}]}}