{"id":83952,"date":"2022-11-03T13:46:44","date_gmt":"2022-11-03T16:46:44","guid":{"rendered":"https:\/\/pdt-rj.org.br\/?p=83952"},"modified":"2022-11-03T13:46:44","modified_gmt":"2022-11-03T16:46:44","slug":"rio-de-janeiro-pode-ter-sistema-informacoes-em-saude-para-agendas-da-seguranca-publica","status":"publish","type":"post","link":"https:\/\/pdt-rj.org.br\/index.php\/rio-de-janeiro-pode-ter-sistema-informacoes-em-saude-para-agendas-da-seguranca-publica\/","title":{"rendered":"Rio de Janeiro pode ter sistema informa\u00e7\u00f5es em sa\u00fade para agendas da seguran\u00e7a p\u00fablica"},"content":{"rendered":"<p><strong>Proposta contempla todo servidor p\u00fablico que atue na seguran\u00e7a p\u00fablica<\/strong><\/p>\n<p>Institui\u00e7\u00f5es de seguran\u00e7a p\u00fablica do Estado do Rio poder\u00e3o ter um Sistema de Informa\u00e7\u00f5es em Sa\u00fade do Trabalhador. \u00c9 o que autoriza o Projeto de Lei 4.990\/21, de autoria da deputada Martha Rocha (PDT), que foi aprovado em segunda discuss\u00e3o pela Assembleia Legislativa do Estado do Rio de Janeiro (Alerj), nesta ter\u00e7a-feira (01\/11), em segunda discuss\u00e3o. O texto segue para o governador Cl\u00e1udio Castro, que tem at\u00e9 15 dias \u00fateis para sancion\u00e1-lo ou vet\u00e1-lo.<\/p>\n<p>A proposta contempla todo servidor p\u00fablico que atue na seguran\u00e7a p\u00fablica, seja policial civil, policial militar, bombeiro militar, policial penal ou agente do Departamento Geral de A\u00e7\u00f5es Socioeducativas (Degase). O texto estabelece que o sistema seja desenvolvido em conjunto pela Secretaria de Estado de Fazenda e pela Secretaria de Estado de Sa\u00fade.<\/p>\n<p>O programa manter\u00e1 registro de informa\u00e7\u00f5es sobre atividades laborais dos agentes de seguran\u00e7a p\u00fablica, como doen\u00e7as f\u00edsicas e mentais relacionadas com o trabalho, suic\u00eddio\u00a0tentado ou consumado e acidentes de servi\u00e7o. Tamb\u00e9m fornecer\u00e1 dados para fundamentar estudos, diagn\u00f3sticos e relat\u00f3rios quanto aos afastamentos por licen\u00e7a m\u00e9dica, readapta\u00e7\u00e3o e aposentadoria por invalidez.<\/p>\n<p>O prop\u00f3sito \u00e9 que as informa\u00e7\u00f5es subsidiem a\u00e7\u00f5es e programas nas \u00e1reas de assist\u00eancia \u00e0 sa\u00fade, per\u00edcia m\u00e9dica oficial, preven\u00e7\u00e3o e acompanhamento da sa\u00fade dos agentes. Caso seja aprovada, a norma dever\u00e1 ser regulamentada pelo Executivo.<\/p>\n<p>\u201cO direcionamento a essa classe de trabalhadores fundamenta-se no exerc\u00edcio de atividades laborais de risco, em meio aos cen\u00e1rios de salvamento, viol\u00eancia e criminalidade, que podem ser causas de adoecimento f\u00edsico e mental\u201d, justificou Martha Rocha.<\/p>\n<!-- AddThis Advanced Settings generic via filter on the_content --><!-- AddThis Share Buttons generic via filter on the_content -->","protected":false},"excerpt":{"rendered":"<p>Proposta contempla todo servidor p\u00fablico que atue na seguran\u00e7a p\u00fablica Institui\u00e7\u00f5es de seguran\u00e7a p\u00fablica do Estado do Rio poder\u00e3o ter um Sistema de Informa\u00e7\u00f5es em Sa\u00fade do Trabalhador. \u00c9 o que autoriza o Projeto de Lei 4.990\/21, de autoria da deputada Martha Rocha (PDT), que foi aprovado em segunda discuss\u00e3o pela Assembleia Legislativa do Estado&#8230;<!-- AddThis Advanced Settings generic via filter on wp_trim_excerpt --><!-- AddThis Share Buttons generic via filter on wp_trim_excerpt --><\/p>\n","protected":false},"author":17,"featured_media":83953,"comment_status":"closed","ping_status":"closed","sticky":false,"template":"","format":"standard","meta":{"_monsterinsights_skip_tracking":false,"_monsterinsights_sitenote_active":false,"_monsterinsights_sitenote_note":"","_monsterinsights_sitenote_category":0,"_uf_show_specific_survey":0,"_uf_disable_surveys":false,"footnotes":""},"categories":[1390],"tags":[],"class_list":["post-83952","post","type-post","status-publish","format-standard","has-post-thumbnail","hentry","category-editorias"],"acf":[],"_links":{"self":[{"href":"https:\/\/pdt-rj.org.br\/index.php\/wp-json\/wp\/v2\/posts\/83952","targetHints":{"allow":["GET"]}}],"collection":[{"href":"https:\/\/pdt-rj.org.br\/index.php\/wp-json\/wp\/v2\/posts"}],"about":[{"href":"https:\/\/pdt-rj.org.br\/index.php\/wp-json\/wp\/v2\/types\/post"}],"author":[{"embeddable":true,"href":"https:\/\/pdt-rj.org.br\/index.php\/wp-json\/wp\/v2\/users\/17"}],"replies":[{"embeddable":true,"href":"https:\/\/pdt-rj.org.br\/index.php\/wp-json\/wp\/v2\/comments?post=83952"}],"version-history":[{"count":1,"href":"https:\/\/pdt-rj.org.br\/index.php\/wp-json\/wp\/v2\/posts\/83952\/revisions"}],"predecessor-version":[{"id":83954,"href":"https:\/\/pdt-rj.org.br\/index.php\/wp-json\/wp\/v2\/posts\/83952\/revisions\/83954"}],"wp:featuredmedia":[{"embeddable":true,"href":"https:\/\/pdt-rj.org.br\/index.php\/wp-json\/wp\/v2\/media\/83953"}],"wp:attachment":[{"href":"https:\/\/pdt-rj.org.br\/index.php\/wp-json\/wp\/v2\/media?parent=83952"}],"wp:term":[{"taxonomy":"category","embeddable":true,"href":"https:\/\/pdt-rj.org.br\/index.php\/wp-json\/wp\/v2\/categories?post=83952"},{"taxonomy":"post_tag","embeddable":true,"href":"https:\/\/pdt-rj.org.br\/index.php\/wp-json\/wp\/v2\/tags?post=83952"}],"curies":[{"name":"wp","href":"https:\/\/api.w.org\/{rel}","templated":true}]}}