{"id":83947,"date":"2022-11-03T13:40:11","date_gmt":"2022-11-03T16:40:11","guid":{"rendered":"https:\/\/pdt-rj.org.br\/?p=83947"},"modified":"2022-11-06T11:58:34","modified_gmt":"2022-11-06T13:58:34","slug":"idilvan-alencar-pede-convocacao-de-ministro-da-justica-para-explicar-sobre-desbloqueio-de-estradas","status":"publish","type":"post","link":"https:\/\/pdt-rj.org.br\/index.php\/idilvan-alencar-pede-convocacao-de-ministro-da-justica-para-explicar-sobre-desbloqueio-de-estradas\/","title":{"rendered":"Idilvan Alencar pede convoca\u00e7\u00e3o de ministro da Justi\u00e7a para explicar sobre desbloqueio de estradas"},"content":{"rendered":"<div class=\"section section-post-header\">\n<div class=\"section_wrapper clearfix\">\n<div class=\"column one single-photo-wrapper\">\n<div class=\"image_frame scale-with-grid\">\n<div><strong>Parlamentar tamb\u00e9m busca apurar eventual puni\u00e7\u00e3o de agentes federais que estejam cometendo crimes<\/strong><\/div>\n<div><\/div>\n<div class=\"image_wrapper\">\n<div class=\"image_links\">O deputado pedetista Idilvan Alencar (CE)\u00a0apresentou na ter\u00e7a-feira (1\u00ba), na Comiss\u00e3o de Constitui\u00e7\u00e3o e Justi\u00e7a da C\u00e2mara, o requerimento\u00a0<a href=\"https:\/\/www.camara.leg.br\/proposicoesWeb\/fichadetramitacao?idProposicao=2336447\" target=\"_blank\" rel=\"external noopener noreferrer\" data-wpel-link=\"external\">45\/22<\/a>, que convoca o ministro da Justi\u00e7a, Anderson Torres, para explicar as provid\u00eancias adotadas pelo governo federal para o desbloqueio de estradas brasileiras por apoiadores do presidente Jair Bolsonaro.<\/div>\n<\/div>\n<\/div>\n<\/div>\n<\/div>\n<\/div>\n<div class=\"post-wrapper-content\">\n<div class=\"entry-content\">\n<div class=\"section the_content\">\n<div class=\"section_wrapper\">\n<div class=\"the_content_wrapper\">\n<p>O ministro tamb\u00e9m dever\u00e1 apresentar os procedimentos tomados para apurar eventual puni\u00e7\u00e3o de agentes federais que estejam cometendo crimes.<\/p>\n<p>Idilvan avalia que \u201caceitar a decis\u00e3o da maioria \u00e9 a ess\u00eancia da democracia. Fechar estradas e impor preju\u00edzos ao Pa\u00eds por n\u00e3o aceitar o resultado das urnas \u00e9 crime contra a ordem democr\u00e1tica\u201d.<\/p>\n<p>O Supremo Tribunal Federal (STF) determinou \u00e0s autoridades competentes que retomem, com o uso dos meios necess\u00e1rios e suficientes, o fluxo normal nas estradas brasileiras. As rodovias federais est\u00e3o sob a jurisdi\u00e7\u00e3o da Pol\u00edcia Rodovi\u00e1ria Federal, subordinada ao Ministro da Justi\u00e7a.<\/p>\n<\/div>\n<\/div>\n<\/div>\n<\/div>\n<\/div>\n<!-- AddThis Advanced Settings generic via filter on the_content --><!-- AddThis Share Buttons generic via filter on the_content -->","protected":false},"excerpt":{"rendered":"<p>Parlamentar tamb\u00e9m busca apurar eventual puni\u00e7\u00e3o de agentes federais que estejam cometendo crimes O deputado pedetista Idilvan Alencar (CE)\u00a0apresentou na ter\u00e7a-feira (1\u00ba), na Comiss\u00e3o de Constitui\u00e7\u00e3o e Justi\u00e7a da C\u00e2mara, o requerimento\u00a045\/22, que convoca o ministro da Justi\u00e7a, Anderson Torres, para explicar as provid\u00eancias adotadas pelo governo federal para o desbloqueio de estradas brasileiras por&#8230;<!-- AddThis Advanced Settings generic via filter on wp_trim_excerpt --><!-- AddThis Share Buttons generic via filter on wp_trim_excerpt --><\/p>\n","protected":false},"author":17,"featured_media":83948,"comment_status":"closed","ping_status":"closed","sticky":false,"template":"","format":"standard","meta":{"_monsterinsights_skip_tracking":false,"_monsterinsights_sitenote_active":false,"_monsterinsights_sitenote_note":"","_monsterinsights_sitenote_category":0,"_uf_show_specific_survey":0,"_uf_disable_surveys":false,"footnotes":""},"categories":[1390],"tags":[],"class_list":["post-83947","post","type-post","status-publish","format-standard","has-post-thumbnail","hentry","category-editorias"],"acf":[],"_links":{"self":[{"href":"https:\/\/pdt-rj.org.br\/index.php\/wp-json\/wp\/v2\/posts\/83947","targetHints":{"allow":["GET"]}}],"collection":[{"href":"https:\/\/pdt-rj.org.br\/index.php\/wp-json\/wp\/v2\/posts"}],"about":[{"href":"https:\/\/pdt-rj.org.br\/index.php\/wp-json\/wp\/v2\/types\/post"}],"author":[{"embeddable":true,"href":"https:\/\/pdt-rj.org.br\/index.php\/wp-json\/wp\/v2\/users\/17"}],"replies":[{"embeddable":true,"href":"https:\/\/pdt-rj.org.br\/index.php\/wp-json\/wp\/v2\/comments?post=83947"}],"version-history":[{"count":2,"href":"https:\/\/pdt-rj.org.br\/index.php\/wp-json\/wp\/v2\/posts\/83947\/revisions"}],"predecessor-version":[{"id":83973,"href":"https:\/\/pdt-rj.org.br\/index.php\/wp-json\/wp\/v2\/posts\/83947\/revisions\/83973"}],"wp:featuredmedia":[{"embeddable":true,"href":"https:\/\/pdt-rj.org.br\/index.php\/wp-json\/wp\/v2\/media\/83948"}],"wp:attachment":[{"href":"https:\/\/pdt-rj.org.br\/index.php\/wp-json\/wp\/v2\/media?parent=83947"}],"wp:term":[{"taxonomy":"category","embeddable":true,"href":"https:\/\/pdt-rj.org.br\/index.php\/wp-json\/wp\/v2\/categories?post=83947"},{"taxonomy":"post_tag","embeddable":true,"href":"https:\/\/pdt-rj.org.br\/index.php\/wp-json\/wp\/v2\/tags?post=83947"}],"curies":[{"name":"wp","href":"https:\/\/api.w.org\/{rel}","templated":true}]}}