{"id":83944,"date":"2022-11-03T13:47:35","date_gmt":"2022-11-03T16:47:35","guid":{"rendered":"https:\/\/pdt-rj.org.br\/?p=83944"},"modified":"2025-03-13T19:47:12","modified_gmt":"2025-03-13T22:47:12","slug":"wolney-queiroz-integra-equipe-de-transicao-entre-os-governos-bolsonaro-e-lula","status":"publish","type":"post","link":"https:\/\/pdt-rj.org.br\/index.php\/wolney-queiroz-integra-equipe-de-transicao-entre-os-governos-bolsonaro-e-lula\/","title":{"rendered":"Wolney Queiroz integra equipe de transi\u00e7\u00e3o entre os governos Bolsonaro e Lula"},"content":{"rendered":"<p><strong>\u201cVamos tratar de mat\u00e9rias que impactem o Or\u00e7amento de 2023 a 2026&#8243;, garantiu o deputado do PDT<\/strong><\/p>\n<p>O deputado federal e l\u00edder da oposi\u00e7\u00e3o na C\u00e2mara, Wolney Queiroz (PE), foi indicado pelo presidente do PDT, Carlos Lupi, para compor a equipe de transi\u00e7\u00e3o entre os governos Bolsonaro e Lula, que ser\u00e1 coordenada pelo vice eleito, Geraldo Alckmin (PSB).<\/p>\n<p>A indica\u00e7\u00e3o ocorreu ap\u00f3s a presidente nacional do PT, Gleisi Hofmann, pedir aos partidos aliados nomes para integrar a equipe de transi\u00e7\u00e3o. Os indicados das legendas dever\u00e3o formar a coordena\u00e7\u00e3o da transi\u00e7\u00e3o por temas.<\/p>\n<p>Na \u00faltima ter\u00e7a-feira (1\u00ba), Wolney j\u00e1 havia recebido um telefonema do deputado Ricardo Barros, l\u00edder do governo Bolsonaro, organizando reuni\u00e3o com os partidos de oposi\u00e7\u00e3o para in\u00edcio da transi\u00e7\u00e3o no \u00e2mbito Legislativo.<\/p>\n<p>\u201cVamos tratar de mat\u00e9rias que impactem o Or\u00e7amento de 2023 a 2026, consolidando o processo democr\u00e1tico e o di\u00e1logo para fazermos as mudan\u00e7as que o povo brasileiro precisa\u201d, afirmou Wolney.<\/p>\n<!-- AddThis Advanced Settings generic via filter on the_content --><!-- AddThis Share Buttons generic via filter on the_content -->","protected":false},"excerpt":{"rendered":"<p>\u201cVamos tratar de mat\u00e9rias que impactem o Or\u00e7amento de 2023 a 2026&#8243;, garantiu o deputado do PDT O deputado federal e l\u00edder da oposi\u00e7\u00e3o na C\u00e2mara, Wolney Queiroz (PE), foi indicado pelo presidente do PDT, Carlos Lupi, para compor a equipe de transi\u00e7\u00e3o entre os governos Bolsonaro e Lula, que ser\u00e1 coordenada pelo vice eleito,&#8230;<!-- AddThis Advanced Settings generic via filter on wp_trim_excerpt --><!-- AddThis Share Buttons generic via filter on wp_trim_excerpt --><\/p>\n","protected":false},"author":17,"featured_media":83960,"comment_status":"closed","ping_status":"closed","sticky":false,"template":"","format":"standard","meta":{"_monsterinsights_skip_tracking":false,"_monsterinsights_sitenote_active":false,"_monsterinsights_sitenote_note":"","_monsterinsights_sitenote_category":0,"_uf_show_specific_survey":0,"_uf_disable_surveys":false,"footnotes":""},"categories":[1390,5417,1401],"tags":[],"class_list":["post-83944","post","type-post","status-publish","format-standard","has-post-thumbnail","hentry","category-editorias","category-carlos-lupi","category-nacional"],"acf":[],"_links":{"self":[{"href":"https:\/\/pdt-rj.org.br\/index.php\/wp-json\/wp\/v2\/posts\/83944","targetHints":{"allow":["GET"]}}],"collection":[{"href":"https:\/\/pdt-rj.org.br\/index.php\/wp-json\/wp\/v2\/posts"}],"about":[{"href":"https:\/\/pdt-rj.org.br\/index.php\/wp-json\/wp\/v2\/types\/post"}],"author":[{"embeddable":true,"href":"https:\/\/pdt-rj.org.br\/index.php\/wp-json\/wp\/v2\/users\/17"}],"replies":[{"embeddable":true,"href":"https:\/\/pdt-rj.org.br\/index.php\/wp-json\/wp\/v2\/comments?post=83944"}],"version-history":[{"count":2,"href":"https:\/\/pdt-rj.org.br\/index.php\/wp-json\/wp\/v2\/posts\/83944\/revisions"}],"predecessor-version":[{"id":83961,"href":"https:\/\/pdt-rj.org.br\/index.php\/wp-json\/wp\/v2\/posts\/83944\/revisions\/83961"}],"wp:featuredmedia":[{"embeddable":true,"href":"https:\/\/pdt-rj.org.br\/index.php\/wp-json\/wp\/v2\/media\/83960"}],"wp:attachment":[{"href":"https:\/\/pdt-rj.org.br\/index.php\/wp-json\/wp\/v2\/media?parent=83944"}],"wp:term":[{"taxonomy":"category","embeddable":true,"href":"https:\/\/pdt-rj.org.br\/index.php\/wp-json\/wp\/v2\/categories?post=83944"},{"taxonomy":"post_tag","embeddable":true,"href":"https:\/\/pdt-rj.org.br\/index.php\/wp-json\/wp\/v2\/tags?post=83944"}],"curies":[{"name":"wp","href":"https:\/\/api.w.org\/{rel}","templated":true}]}}