{"id":83925,"date":"2022-10-28T22:13:56","date_gmt":"2022-10-29T01:13:56","guid":{"rendered":"https:\/\/pdt-rj.org.br\/?p=83925"},"modified":"2022-11-03T13:42:14","modified_gmt":"2022-11-03T16:42:14","slug":"com-pdt-ato-pro-lula-reune-milhares-de-apoiadores-no-centro-do-rj","status":"publish","type":"post","link":"https:\/\/pdt-rj.org.br\/index.php\/com-pdt-ato-pro-lula-reune-milhares-de-apoiadores-no-centro-do-rj\/","title":{"rendered":"Com PDT, ato pr\u00f3-Lula re\u00fane milhares de apoiadores no Centro do RJ"},"content":{"rendered":"<p class=\"p1\"><strong><span class=\"s1\">Mobiliza\u00e7\u00e3o suprapartid\u00e1ria impulsiona candidatura do ex-presidente na reta final do segundo turno<\/span><\/strong><\/p>\n<p class=\"p1\"><span class=\"s2\">Milhares de apoiadores ocuparam a Candel\u00e1ria, no Centro do Rio de Janeiro, para<span class=\"Apple-converted-space\">\u00a0 <\/span>impulsionar, na reta final do segundo turno, a candidatura de Luiz In\u00e1cio Lula da Silva (PT) a presidente da Rep\u00fablica. Com lideran\u00e7as do PDT, a mobiliza\u00e7\u00e3o suprapartid\u00e1ria superou a forte chuva que impactou a cidade na tarde desta sexta-feira (28). <\/span><\/p>\n<p class=\"p1\"><span class=\"s2\">O presidente nacional do PDT, Carlos Lupi, destacou a ampla participa\u00e7\u00e3o de pedetistas e brizolistas ao projetar a vit\u00f3ria do democrata petista sobre o \u201cgenocida\u201d Jair Bolsonaro. <\/span><\/p>\n<p class=\"p1\"><span class=\"s2\">\u201cLula presidente \u00e9 a garantia de um Brasil para o povo brasileiro e a garantia dos avan\u00e7os sociais\u201d, disse Lupi, pontuando os diferenciais entre os concorrentes. <\/span><\/p>\n<p class=\"p1\"><span class=\"s2\">\u201cColoque o amor para vencer. Essa \u00e9 a luta que o Brasil est\u00e1 travando contra o \u00f3dio e a raiva, que botam a democracia em risco\u201d, completou. <\/span><\/p>\n<p class=\"p1\"><span class=\"s2\">No seu discurso, o ex-prefeito de Niter\u00f3i Rodrigo Neves enfatizou que o chefe do Executivo federal abandonou o estado, o que gerou graves retrocessos sociais e econ\u00f4micos. <\/span><\/p>\n<p class=\"p1\"><span class=\"s2\">\u201cBolsonaro n\u00e3o fez absolutamente nada pelo estado do Rio nos \u00faltimos quatro anos. O povo fluminense n\u00e3o tem motivo algum para votar nele\u201d, salientou.<\/span><\/p>\n<p class=\"p1\"><span class=\"s2\">\u201cVamos com Lula para reverter o quadro atual e iniciar um novo ciclo de desenvolvimento para nosso estado\u201d, encerrou. <\/span><\/p>\n<p class=\"p1\"><span class=\"s2\">O evento contou ainda com as presen\u00e7as do prefeito local, Eduardo Paes (PSD), da senadora e ex-candidata a presidente, Simone Tebet (PMDB), da ex-ministra Marina Silva, al\u00e9m de parlamentares federais, estaduais e municipais.<\/span><\/p>\n<!-- AddThis Advanced Settings generic via filter on the_content --><!-- AddThis Share Buttons generic via filter on the_content -->","protected":false},"excerpt":{"rendered":"<p>Mobiliza\u00e7\u00e3o suprapartid\u00e1ria impulsiona candidatura do ex-presidente na reta final do segundo turno Milhares de apoiadores ocuparam a Candel\u00e1ria, no Centro do Rio de Janeiro, para\u00a0 impulsionar, na reta final do segundo turno, a candidatura de Luiz In\u00e1cio Lula da Silva (PT) a presidente da Rep\u00fablica. Com lideran\u00e7as do PDT, a mobiliza\u00e7\u00e3o suprapartid\u00e1ria superou a forte&#8230;<!-- AddThis Advanced Settings generic via filter on wp_trim_excerpt --><!-- AddThis Share Buttons generic via filter on wp_trim_excerpt --><\/p>\n","protected":false},"author":17,"featured_media":83926,"comment_status":"closed","ping_status":"closed","sticky":false,"template":"","format":"standard","meta":{"_monsterinsights_skip_tracking":false,"_monsterinsights_sitenote_active":false,"_monsterinsights_sitenote_note":"","_monsterinsights_sitenote_category":0,"_uf_show_specific_survey":0,"_uf_disable_surveys":false,"footnotes":""},"categories":[1390,5417,5414,5415],"tags":[],"class_list":["post-83925","post","type-post","status-publish","format-standard","has-post-thumbnail","hentry","category-editorias","category-carlos-lupi","category-estado","category-rodrigo-neves"],"acf":[],"_links":{"self":[{"href":"https:\/\/pdt-rj.org.br\/index.php\/wp-json\/wp\/v2\/posts\/83925","targetHints":{"allow":["GET"]}}],"collection":[{"href":"https:\/\/pdt-rj.org.br\/index.php\/wp-json\/wp\/v2\/posts"}],"about":[{"href":"https:\/\/pdt-rj.org.br\/index.php\/wp-json\/wp\/v2\/types\/post"}],"author":[{"embeddable":true,"href":"https:\/\/pdt-rj.org.br\/index.php\/wp-json\/wp\/v2\/users\/17"}],"replies":[{"embeddable":true,"href":"https:\/\/pdt-rj.org.br\/index.php\/wp-json\/wp\/v2\/comments?post=83925"}],"version-history":[{"count":2,"href":"https:\/\/pdt-rj.org.br\/index.php\/wp-json\/wp\/v2\/posts\/83925\/revisions"}],"predecessor-version":[{"id":83937,"href":"https:\/\/pdt-rj.org.br\/index.php\/wp-json\/wp\/v2\/posts\/83925\/revisions\/83937"}],"wp:featuredmedia":[{"embeddable":true,"href":"https:\/\/pdt-rj.org.br\/index.php\/wp-json\/wp\/v2\/media\/83926"}],"wp:attachment":[{"href":"https:\/\/pdt-rj.org.br\/index.php\/wp-json\/wp\/v2\/media?parent=83925"}],"wp:term":[{"taxonomy":"category","embeddable":true,"href":"https:\/\/pdt-rj.org.br\/index.php\/wp-json\/wp\/v2\/categories?post=83925"},{"taxonomy":"post_tag","embeddable":true,"href":"https:\/\/pdt-rj.org.br\/index.php\/wp-json\/wp\/v2\/tags?post=83925"}],"curies":[{"name":"wp","href":"https:\/\/api.w.org\/{rel}","templated":true}]}}