{"id":83914,"date":"2022-10-27T14:29:24","date_gmt":"2022-10-27T17:29:24","guid":{"rendered":"https:\/\/pdt-rj.org.br\/?p=83914"},"modified":"2022-10-28T22:15:45","modified_gmt":"2022-10-29T01:15:45","slug":"pdt-convoca-liderancas-e-militantes-para-caminhada-suprapartidaria-de-apoio-a-lula-no-rj","status":"publish","type":"post","link":"https:\/\/pdt-rj.org.br\/index.php\/pdt-convoca-liderancas-e-militantes-para-caminhada-suprapartidaria-de-apoio-a-lula-no-rj\/","title":{"rendered":"PDT convoca lideran\u00e7as e militantes para caminhada suprapartid\u00e1ria de apoio a Lula"},"content":{"rendered":"<p><strong>Liderada por Carlos Lupi, mobiliza\u00e7\u00e3o trabalhista tem a Candel\u00e1ria, no Rio de Janeiro, como ponto de encontro<\/strong><\/p>\n<p>Liderado pelo seu presidente nacional, Carlos Lupi, o PDT convocou lideran\u00e7as e militantes para a caminhada suprapartid\u00e1ria nesta sexta-feira (28), a partir das 16h, em prol da candidatura de Luiz In\u00e1cio Lula da Silva (PT) a presidente da Rep\u00fablica. O ponto de encontro ser\u00e1 na Candel\u00e1ria, no Centro da capital fluminense.<\/p>\n<p>Al\u00e9m do ex-prefeito de Niter\u00f3i Rodrigo Neves (PDT), o ato unificado conta com as presen\u00e7as confirmadas do prefeito do Rio, Eduardo Paes (PSD), da senadora e ex-candidata a presidente, Simone Tebet (PMDB), e do deputado federal Marcelo Freixo (PSB).<\/p>\n<p><img loading=\"lazy\" decoding=\"async\" class=\"aligncenter wp-image-83922 size-medium\" src=\"https:\/\/pdt-rj.org.br\/wp-content\/uploads\/2022\/10\/1-4-240x300.jpg\" alt=\"\" width=\"240\" height=\"300\" srcset=\"https:\/\/pdt-rj.org.br\/wp-content\/uploads\/2022\/10\/1-4-240x300.jpg 240w, https:\/\/pdt-rj.org.br\/wp-content\/uploads\/2022\/10\/1-4.jpg 819w, https:\/\/pdt-rj.org.br\/wp-content\/uploads\/2022\/10\/1-4-80x100.jpg 80w, https:\/\/pdt-rj.org.br\/wp-content\/uploads\/2022\/10\/1-4-768x960.jpg 768w, https:\/\/pdt-rj.org.br\/wp-content\/uploads\/2022\/10\/1-4-72x90.jpg 72w\" sizes=\"auto, (max-width: 240px) 100vw, 240px\" \/><\/p>\n<!-- AddThis Advanced Settings generic via filter on the_content --><!-- AddThis Share Buttons generic via filter on the_content -->","protected":false},"excerpt":{"rendered":"<p>Liderada por Carlos Lupi, mobiliza\u00e7\u00e3o trabalhista tem a Candel\u00e1ria, no Rio de Janeiro, como ponto de encontro Liderado pelo seu presidente nacional, Carlos Lupi, o PDT convocou lideran\u00e7as e militantes para a caminhada suprapartid\u00e1ria nesta sexta-feira (28), a partir das 16h, em prol da candidatura de Luiz In\u00e1cio Lula da Silva (PT) a presidente da&#8230;<!-- AddThis Advanced Settings generic via filter on wp_trim_excerpt --><!-- AddThis Share Buttons generic via filter on wp_trim_excerpt --><\/p>\n","protected":false},"author":17,"featured_media":83916,"comment_status":"closed","ping_status":"closed","sticky":false,"template":"","format":"standard","meta":{"_monsterinsights_skip_tracking":false,"_monsterinsights_sitenote_active":false,"_monsterinsights_sitenote_note":"","_monsterinsights_sitenote_category":0,"_uf_show_specific_survey":0,"_uf_disable_surveys":false,"footnotes":""},"categories":[1390,5417,5415],"tags":[],"class_list":["post-83914","post","type-post","status-publish","format-standard","has-post-thumbnail","hentry","category-editorias","category-carlos-lupi","category-rodrigo-neves"],"acf":[],"_links":{"self":[{"href":"https:\/\/pdt-rj.org.br\/index.php\/wp-json\/wp\/v2\/posts\/83914","targetHints":{"allow":["GET"]}}],"collection":[{"href":"https:\/\/pdt-rj.org.br\/index.php\/wp-json\/wp\/v2\/posts"}],"about":[{"href":"https:\/\/pdt-rj.org.br\/index.php\/wp-json\/wp\/v2\/types\/post"}],"author":[{"embeddable":true,"href":"https:\/\/pdt-rj.org.br\/index.php\/wp-json\/wp\/v2\/users\/17"}],"replies":[{"embeddable":true,"href":"https:\/\/pdt-rj.org.br\/index.php\/wp-json\/wp\/v2\/comments?post=83914"}],"version-history":[{"count":6,"href":"https:\/\/pdt-rj.org.br\/index.php\/wp-json\/wp\/v2\/posts\/83914\/revisions"}],"predecessor-version":[{"id":83923,"href":"https:\/\/pdt-rj.org.br\/index.php\/wp-json\/wp\/v2\/posts\/83914\/revisions\/83923"}],"wp:featuredmedia":[{"embeddable":true,"href":"https:\/\/pdt-rj.org.br\/index.php\/wp-json\/wp\/v2\/media\/83916"}],"wp:attachment":[{"href":"https:\/\/pdt-rj.org.br\/index.php\/wp-json\/wp\/v2\/media?parent=83914"}],"wp:term":[{"taxonomy":"category","embeddable":true,"href":"https:\/\/pdt-rj.org.br\/index.php\/wp-json\/wp\/v2\/categories?post=83914"},{"taxonomy":"post_tag","embeddable":true,"href":"https:\/\/pdt-rj.org.br\/index.php\/wp-json\/wp\/v2\/tags?post=83914"}],"curies":[{"name":"wp","href":"https:\/\/api.w.org\/{rel}","templated":true}]}}