{"id":83901,"date":"2022-10-26T06:05:30","date_gmt":"2022-10-26T09:05:30","guid":{"rendered":"https:\/\/pdt-rj.org.br\/?p=83901"},"modified":"2022-10-26T12:23:37","modified_gmt":"2022-10-26T15:23:37","slug":"centenario-de-darcy-ribeiro-a-educacao-brasileira-pede-socorro","status":"publish","type":"post","link":"https:\/\/pdt-rj.org.br\/index.php\/centenario-de-darcy-ribeiro-a-educacao-brasileira-pede-socorro\/","title":{"rendered":"Centen\u00e1rio de Darcy Ribeiro: a educa\u00e7\u00e3o brasileira pede socorro"},"content":{"rendered":"<p>A Educa\u00e7\u00e3o \u00e9 o caminho necess\u00e1rio para o desenvolvimento social e econ\u00f4mico de uma na\u00e7\u00e3o. A afirma\u00e7\u00e3o \u00e9 \u00f3bvia para o cidad\u00e3o atento. Na pol\u00edtica, no entanto, a quest\u00e3o nem sempre figura entre as prioridades. Darcy Ribeiro sabia disso e dedicou boa parte da vida para transformar a Educa\u00e7\u00e3o brasileira. Hoje, 100 anos ap\u00f3s o seu nascimento e 25 depois da sua morte, o MEC est\u00e1 enfraquecido como nunca e as Universidades Federais, que contaram com grande contribui\u00e7\u00e3o do trabalhista, amea\u00e7am fechar as portas.<\/p>\n<p>O desinvestimento progressivo e o sucateamento do Minist\u00e9rio da Educa\u00e7\u00e3o, transformado, inclusive, em balc\u00e3o de neg\u00f3cios por bolsonaristas, t\u00eam gerado p\u00e9ssimos resultados, como o crescimento da evas\u00e3o escolar e a defici\u00eancia no ensino e na aprendizagem. O \u00faltimo corte do Governo Bolsonaro na \u00e1rea foi de R$ 2,4 bilh\u00f5es.<\/p>\n<p>N\u00e3o h\u00e1 papel higi\u00eanico nos banheiros das universidades federais. Recentemente, o presidente da Andifes (Associa\u00e7\u00e3o Nacional dos Dirigentes das Institui\u00e7\u00f5es Federais de Ensino Superior), Ricardo Fonseca, declarou que, com os novos cortes na Educa\u00e7\u00e3o, algumas institui\u00e7\u00f5es n\u00e3o ter\u00e3o dinheiro nem mesmo para pagar as contas de \u00e1gua e luz. Desse setor de ensino, especificamente, foram retirados R$ 763 milh\u00f5es.<\/p>\n<p>Contrapondo a triste realidade fomentada pelo Governo Federal, existe uma hist\u00f3ria de muito sucesso na Educa\u00e7\u00e3o, assist\u00eancia e inclus\u00e3o social. Essa foi capitaneada por Darcy Ribeiro, na d\u00e9cada de 1980, no estado do Rio de Janeiro, durante o Governo de Leonel Brizola. Eram os famosos Centros Integrados de Educa\u00e7\u00e3o P\u00fablica, os Cieps, o mais eficiente modelo de educa\u00e7\u00e3o p\u00fablica que o Brasil j\u00e1 experimentou.<\/p>\n<p>Os alunos das comunidades em que se encontravam os Cieps eram atendidos pela escola. As crian\u00e7as eram recebidas com o caf\u00e9 da manh\u00e3 e tinham mais duas refei\u00e7\u00f5es ao longo do dia. Durante a manh\u00e3, havia aula regular e, no turno oposto, atividades esportivas, art\u00edsticas e extracurriculares. Todo Ciep era equipado com quadra poliesportiva e piscina. Os estudantes tamb\u00e9m tinham assist\u00eancia m\u00e9dica e odontol\u00f3gica no col\u00e9gio. Nos finais de semana, o espa\u00e7o era aberto a toda a comunidade.<\/p>\n<p>Indo um pouco mais a fundo no cotidiano educacional elaborado por Darcy, o ensino contava com uma vis\u00e3o inclusiva, onde o aluno era o ator principal no processo de ensino. Isso quer dizer que os professores lecionavam com base na realidade daqueles alunos, associando o conte\u00fado \u00e0 vida real. Dessa forma, promovia maior afinidade entre o assunto estudado e o estudante, gerando maior interesse e melhor desenvolvimento.<\/p>\n<p>Neste centen\u00e1rio de Darcy Ribeiro \u00e9 fundamental se atentar para esse contraste aterrador. Se hoje bilh\u00f5es de reais escorrem do \u00f3rg\u00e3o que deveria desenvolver a Educa\u00e7\u00e3o, houve um tempo em que cada centavo era convertido na alforria dos jovens de baixa renda \u2013 os que de fato precisam do Estado para ter acesso ao ensino. No Rio, os Cieps acabaram caindo no esquecimento pelas gest\u00f5es que sucederam Brizola e est\u00e3o abandonados. Como dizia Darcy: \u201ca crise da Educa\u00e7\u00e3o no Brasil n\u00e3o \u00e9 uma crise, \u00e9 um projeto\u201d.<\/p>\n<p><strong>Mais sobre Darcy Ribeiro<\/strong><\/p>\n<p>Darcy Ribeiro era uma for\u00e7a da natureza com um toque de rebeldia, inspirado pelo amor \u00e0 p\u00e1tria e ao povo brasileiro. Mineiro, nasceu em 26 de outubro de 1922, em Montes Claros, onde passou toda a inf\u00e2ncia e adolesc\u00eancia.<\/p>\n<p>Na juventude, Darcy inicia sua jornada de estudos no curso de Medicina, em Belo Horizonte, em 1939. Tr\u00eas anos mais tarde, decide ir para S\u00e3o Paulo, onde se forma em Antropologia. L\u00e1, come\u00e7a a trabalhar como etn\u00f3logo no Servi\u00e7o de Prote\u00e7\u00e3o ao \u00cdndio e, ap\u00f3s fundar o Museu do \u00cdndio, no Rio de Janeiro, inicia umas das atividades que mais gostava: ensinar.<\/p>\n<p>Em 1962, o antrop\u00f3logo trabalhista decide contribuir ainda mais com o Brasil. Com menos de 40 anos, se torna ministro da Educa\u00e7\u00e3o e, em seguida, ministro da Casa Civil. Neste \u00faltimo cargo, foi incumbido de trabalhar no projeto de Reformas de Base \u2013 importante grupo de propostas econ\u00f4micas, sociais e pol\u00edticas para reorganizar o desenvolvimento nacional e reduzir a desigualdade.<\/p>\n<p>Com o Golpe Militar de 1964, Darcy \u00e9 obrigado a sair do Brasil e vai para o Uruguai, onde atua como professor da Universidad de La Republica. No ex\u00edlio ainda atuou em outras universidades da Am\u00e9rica Latina, incluindo a Universidade de Chile, a convite do presidente Salvador Allende.<\/p>\n<p>Em 1982, j\u00e1 no PDT que ajudara a fundar, Darcy Ribeiro \u00e9 eleito vice-governador do Rio de Janeiro, na chapa liderada por Leonel Brizola. Em sua atua\u00e7\u00e3o, coordenou o Projeto Especial de Educa\u00e7\u00e3o e criou o t\u00e3o sonhado Ciep, a escola de tempo integral que mudaria a hist\u00f3ria de milh\u00f5es de crian\u00e7as no estado.<\/p>\n<p>Em 1990, com o lema de Senador da Educa\u00e7\u00e3o, Darcy Ribeiro estreia outro capitulo da sua vida. Com quase tr\u00eas milh\u00f5es de votos, o pedetista \u00e9 eleito senador pelo Rio de Janeiro, nas primeiras elei\u00e7\u00f5es gerais realizadas sob a nova ordem constitucional, constru\u00edda no lugar da Ditadura Militar.<\/p>\n<p>Como parlamentar, lutou pela defesa dos povos ind\u00edgenas, da natureza, do negro e da educa\u00e7\u00e3o popular, com uma atua\u00e7\u00e3o brilhante ao formular a Lei de Diretrizes Bases da Educa\u00e7\u00e3o (LDB), a mais importante lei brasileira que rege o atual sistema de educa\u00e7\u00e3o.<\/p>\n<p>\u201cSerei uma voz fiel a ele (povo do Rio de Janeiro) e fiel a mim, na defesa das causas a que dediquei minha vida: a liberdade, a democracia, a salva\u00e7\u00e3o dos \u00edndios, a educa\u00e7\u00e3o popular, o pleno emprego, a fartura, a universidade necess\u00e1ria e a Na\u00e7\u00e3o Latino-Americana\u201d, assim o fez Darcy Ribeiro.<\/p>\n<!-- AddThis Advanced Settings generic via filter on the_content --><!-- AddThis Share Buttons generic via filter on the_content -->","protected":false},"excerpt":{"rendered":"<p>A Educa\u00e7\u00e3o \u00e9 o caminho necess\u00e1rio para o desenvolvimento social e econ\u00f4mico de uma na\u00e7\u00e3o. A afirma\u00e7\u00e3o \u00e9 \u00f3bvia para o cidad\u00e3o atento. Na pol\u00edtica, no entanto, a quest\u00e3o nem sempre figura entre as prioridades. Darcy Ribeiro sabia disso e dedicou boa parte da vida para transformar a Educa\u00e7\u00e3o brasileira. Hoje, 100 anos ap\u00f3s o&#8230;<!-- AddThis Advanced Settings generic via filter on wp_trim_excerpt --><!-- AddThis Share Buttons generic via filter on wp_trim_excerpt --><\/p>\n","protected":false},"author":17,"featured_media":83902,"comment_status":"closed","ping_status":"closed","sticky":false,"template":"","format":"standard","meta":{"_monsterinsights_skip_tracking":false,"_monsterinsights_sitenote_active":false,"_monsterinsights_sitenote_note":"","_monsterinsights_sitenote_category":0,"_uf_show_specific_survey":0,"_uf_disable_surveys":false,"footnotes":""},"categories":[1390,4549,1401],"tags":[],"class_list":["post-83901","post","type-post","status-publish","format-standard","has-post-thumbnail","hentry","category-editorias","category-memoria","category-nacional"],"acf":[],"_links":{"self":[{"href":"https:\/\/pdt-rj.org.br\/index.php\/wp-json\/wp\/v2\/posts\/83901","targetHints":{"allow":["GET"]}}],"collection":[{"href":"https:\/\/pdt-rj.org.br\/index.php\/wp-json\/wp\/v2\/posts"}],"about":[{"href":"https:\/\/pdt-rj.org.br\/index.php\/wp-json\/wp\/v2\/types\/post"}],"author":[{"embeddable":true,"href":"https:\/\/pdt-rj.org.br\/index.php\/wp-json\/wp\/v2\/users\/17"}],"replies":[{"embeddable":true,"href":"https:\/\/pdt-rj.org.br\/index.php\/wp-json\/wp\/v2\/comments?post=83901"}],"version-history":[{"count":3,"href":"https:\/\/pdt-rj.org.br\/index.php\/wp-json\/wp\/v2\/posts\/83901\/revisions"}],"predecessor-version":[{"id":83907,"href":"https:\/\/pdt-rj.org.br\/index.php\/wp-json\/wp\/v2\/posts\/83901\/revisions\/83907"}],"wp:featuredmedia":[{"embeddable":true,"href":"https:\/\/pdt-rj.org.br\/index.php\/wp-json\/wp\/v2\/media\/83902"}],"wp:attachment":[{"href":"https:\/\/pdt-rj.org.br\/index.php\/wp-json\/wp\/v2\/media?parent=83901"}],"wp:term":[{"taxonomy":"category","embeddable":true,"href":"https:\/\/pdt-rj.org.br\/index.php\/wp-json\/wp\/v2\/categories?post=83901"},{"taxonomy":"post_tag","embeddable":true,"href":"https:\/\/pdt-rj.org.br\/index.php\/wp-json\/wp\/v2\/tags?post=83901"}],"curies":[{"name":"wp","href":"https:\/\/api.w.org\/{rel}","templated":true}]}}