{"id":83894,"date":"2022-10-26T04:01:45","date_gmt":"2022-10-26T07:01:45","guid":{"rendered":"https:\/\/pdt-rj.org.br\/?p=83894"},"modified":"2022-10-27T14:33:41","modified_gmt":"2022-10-27T17:33:41","slug":"100-anos-de-darcy","status":"publish","type":"post","link":"https:\/\/pdt-rj.org.br\/index.php\/100-anos-de-darcy\/","title":{"rendered":"100 anos de Darcy"},"content":{"rendered":"<p><span style=\"font-weight: 400;\"><strong>Como antrop\u00f3logo, defensor dos \u00edndios; como educador, defensor da escola p\u00fablica, gratuita e de qualidade, para todos.<\/strong> <\/span><\/p>\n<p><i><span style=\"font-weight: 400;\">&#8220;A rica direita brasileira, desde sempre no poder, sempre soube, aqui ou l\u00e1 fora, dar a melhor educa\u00e7\u00e3o a seus filhos. Aos pobres dava a caridade educativa mais barata que pudesse, indiferente \u00e0 sua qualidade. De fato, nunca quis dar ao povo aquela aten\u00e7\u00e3o escolar minimamente necess\u00e1ria para a alfabetiza\u00e7\u00e3o generalizada. N\u00e3o tinha para isso a inspira\u00e7\u00e3o luterana de ensinar a ler para rezar nem a napole\u00f4nica de formar a cidadania&#8221;. <\/span><\/i><i>Darcy Ribeiro, 1995.<\/i><\/p>\n<p><span style=\"font-weight: 400;\">Darcy n\u00e3o era um. Era muitos. Como antrop\u00f3logo, defensor dos \u00edndios; como educador, defensor da escola p\u00fablica, gratuita e de qualidade, para todos. Como escritor, pensador, romancista e poeta. Como pol\u00edtico, ministro da Casa Civil e de Educa\u00e7\u00e3o no governo trabalhista do presidente Jo\u00e3o Goulart (1961-1964); vice-governador e secret\u00e1rio de Ci\u00eancia e Cultura do estado do Rio de Janeiro no primeiro governo Brizola (1983-1987); Senador da Rep\u00fablica eleito em 1990 pelo PDT; e novamente secret\u00e1rio Extraordin\u00e1rio do estado do Rio de Janeiro no segundo governo Brizola (1991-1995).\u00a0<\/span><\/p>\n<p><span style=\"font-weight: 400;\">Esse mineiro de Montes Claros, \u00f3rf\u00e3o de pai aos 3 anos, criado por uma dessas valentes m\u00e3es do Brasil, teve a trajet\u00f3ria marcada por uma profunda f\u00e9 na mistura de ra\u00e7as que formou \u201cO povo brasileiro\u201d, ali\u00e1s, nome da sua \u00faltima obra (escrita enquanto lutava contra o segundo c\u00e2ncer que o vitimaria em 1997). Mas do que ele se orgulhava mesmo era dos seus \u201cfazimentos\u201d. Pensou e fundou a Universidade de Bras\u00edlia em 1961, assim como a Universidade Estadual do Norte Fluminense (Uenf) em 1994. Concebeu, ainda, o Cons\u00f3rcio Cederj, cujo objetivo primordial era formar professores longe dos grandes centros urbanos, com a oferta de licenciaturas na modalidade a dist\u00e2ncia pelas universidades p\u00fablicas do estado do Rio de Janeiro. Projeto esse que s\u00f3 saiu do papel ap\u00f3s sua morte. Em \u00e2mbito nacional, deixou sua marca na Lei de Diretrizes e Bases (LDB), popularmente conhecida como Lei Darcy Ribeiro, que estabelece princ\u00edpios para e organiza a educa\u00e7\u00e3o b\u00e1sica em todo o territ\u00f3rio nacional. Durante o ex\u00edlio for\u00e7ado pelo Golpe Militar de 1964, colaborou com diversas universidades e governos pela Am\u00e9rica Latina afora, \u201cA p\u00e1tria grande\u201d, nome de outra de suas obras.\u00a0<\/span><\/p>\n<p><span style=\"font-weight: 400;\">Foi justamente no seu retorno ao Brasil, que se juntaria a Leonel Brizola no grande projeto da vida de ambos. Os Centros Integrados de Educa\u00e7\u00e3o P\u00fablica, os CIEPs, modelo de escola do educador An\u00edsio Teixeira adaptado para as condi\u00e7\u00f5es daquele estado do Rio de Janeiro p\u00f3s-Ditadura Militar: alto \u00edndice de pobreza, car\u00eancia de oferta de vagas na rede p\u00fablica de ensino, altas taxas de abandono escolar e, consequentemente, um grande contingente de crian\u00e7as vivendo na rua. Uma escola pensada para atender o filho do trabalhador que n\u00e3o tem com quem deixar os seus filhos durante a labuta. Os CIEPs acolhiam esta crian\u00e7a \u00e0s oito horas, servindo-lhe o caf\u00e9 da manh\u00e3. No primeiro turno, aulas regulares de portugu\u00eas, matem\u00e1tica, ci\u00eancias, etc. Pausa para o almo\u00e7o. \u00c0 tarde, al\u00e9m das aulas de refor\u00e7o, onde as crian\u00e7as se livravam do \u201cdever de casa\u201d, pesadelo dos pais, muitas atividades esportivas e culturais (teatro, dan\u00e7a, etc.). Um banho para finalizar e as crian\u00e7as estavam liberadas \u00e0s dezessete horas para voltar ao conv\u00edvio da fam\u00edlia.\u00a0<\/span><\/p>\n<p><span style=\"font-weight: 400;\">Infelizmente, esta escola civilizat\u00f3ria e popular sofreu os ataques mais vis dos inimigos de sempre, os \u201csenhores de engenho\u201d. Ela, no entanto, se manteve viva na mem\u00f3ria e no cora\u00e7\u00e3o dos fluminenses. Assim como a figura de Darcy Ribeiro, que neste seu centen\u00e1rio, n\u00f3s do Movimento Trabalhista pela Educa\u00e7\u00e3o (MTPE) e do Partido Democr\u00e1tico Trabalhista, o PDT, celebramos como um dos grandes brasileiros da Hist\u00f3ria do Brasil.<\/span><\/p>\n<p><i><span style=\"font-weight: 400;\">&#8220;Fracassei em tudo o que tentei na vida. Tentei alfabetizar as crian\u00e7as brasileiras, n\u00e3o consegui. Tentei salvar os \u00edndios, n\u00e3o consegui. <\/span><\/i><i><span style=\"font-weight: 400;\">Tentei fazer uma universidade s\u00e9ria e fracassei. Tentei fazer o Brasil desenvolver-se autonomamente e fracassei. Mas os fracassos s\u00e3o minhas vit\u00f3rias. Eu detestaria estar no lugar de quem me venceu&#8221;. <\/span><\/i><i>Darcy Ribeiro, ao receber o t\u00edtulo de doutor honoris causa da Universidade de Sorbonne, em 1978.<\/i><\/p>\n<p><strong><em>*Por Rodrigo Trivellato e arte de Caio Souto, membros do Movimento Trabalhista Pela Educa\u00e7\u00e3o (MTPE) do Rio de Janeiro.<\/em><\/strong><\/p>\n<!-- AddThis Advanced Settings generic via filter on the_content --><!-- AddThis Share Buttons generic via filter on the_content -->","protected":false},"excerpt":{"rendered":"<p>Como antrop\u00f3logo, defensor dos \u00edndios; como educador, defensor da escola p\u00fablica, gratuita e de qualidade, para todos. &#8220;A rica direita brasileira, desde sempre no poder, sempre soube, aqui ou l\u00e1 fora, dar a melhor educa\u00e7\u00e3o a seus filhos. Aos pobres dava a caridade educativa mais barata que pudesse, indiferente \u00e0 sua qualidade. De fato, nunca&#8230;<!-- AddThis Advanced Settings generic via filter on wp_trim_excerpt --><!-- AddThis Share Buttons generic via filter on wp_trim_excerpt --><\/p>\n","protected":false},"author":17,"featured_media":83900,"comment_status":"closed","ping_status":"closed","sticky":false,"template":"","format":"standard","meta":{"_monsterinsights_skip_tracking":false,"_monsterinsights_sitenote_active":false,"_monsterinsights_sitenote_note":"","_monsterinsights_sitenote_category":0,"_uf_show_specific_survey":0,"_uf_disable_surveys":false,"footnotes":""},"categories":[1584,1390],"tags":[],"class_list":["post-83894","post","type-post","status-publish","format-standard","has-post-thumbnail","hentry","category-artigos","category-editorias"],"acf":[],"_links":{"self":[{"href":"https:\/\/pdt-rj.org.br\/index.php\/wp-json\/wp\/v2\/posts\/83894","targetHints":{"allow":["GET"]}}],"collection":[{"href":"https:\/\/pdt-rj.org.br\/index.php\/wp-json\/wp\/v2\/posts"}],"about":[{"href":"https:\/\/pdt-rj.org.br\/index.php\/wp-json\/wp\/v2\/types\/post"}],"author":[{"embeddable":true,"href":"https:\/\/pdt-rj.org.br\/index.php\/wp-json\/wp\/v2\/users\/17"}],"replies":[{"embeddable":true,"href":"https:\/\/pdt-rj.org.br\/index.php\/wp-json\/wp\/v2\/comments?post=83894"}],"version-history":[{"count":4,"href":"https:\/\/pdt-rj.org.br\/index.php\/wp-json\/wp\/v2\/posts\/83894\/revisions"}],"predecessor-version":[{"id":83905,"href":"https:\/\/pdt-rj.org.br\/index.php\/wp-json\/wp\/v2\/posts\/83894\/revisions\/83905"}],"wp:featuredmedia":[{"embeddable":true,"href":"https:\/\/pdt-rj.org.br\/index.php\/wp-json\/wp\/v2\/media\/83900"}],"wp:attachment":[{"href":"https:\/\/pdt-rj.org.br\/index.php\/wp-json\/wp\/v2\/media?parent=83894"}],"wp:term":[{"taxonomy":"category","embeddable":true,"href":"https:\/\/pdt-rj.org.br\/index.php\/wp-json\/wp\/v2\/categories?post=83894"},{"taxonomy":"post_tag","embeddable":true,"href":"https:\/\/pdt-rj.org.br\/index.php\/wp-json\/wp\/v2\/tags?post=83894"}],"curies":[{"name":"wp","href":"https:\/\/api.w.org\/{rel}","templated":true}]}}