{"id":83793,"date":"2022-10-18T13:41:34","date_gmt":"2022-10-18T16:41:34","guid":{"rendered":"https:\/\/pdt-rj.org.br\/?p=83793"},"modified":"2022-10-29T19:51:31","modified_gmt":"2022-10-29T22:51:31","slug":"lupi-cita-agilidade-e-uniformidade-para-combater-fake-news-de-bolsonaro","status":"publish","type":"post","link":"https:\/\/pdt-rj.org.br\/index.php\/lupi-cita-agilidade-e-uniformidade-para-combater-fake-news-de-bolsonaro\/","title":{"rendered":"Lupi cita \u201cagilidade e uniformidade\u201d para combater fake news de Bolsonaro"},"content":{"rendered":"<p><strong>Posi\u00e7\u00e3o foi destacada durante reuni\u00e3o virtual de Lula com comunicadores brasileiros<\/strong><\/p>\n<p>O presidente nacional do PDT, Carlos Lupi, citou a import\u00e2ncia da \u201cagilidade e uniformidade\u201d na comunica\u00e7\u00e3o para conter o impacto da cria\u00e7\u00e3o e divulga\u00e7\u00e3o de fake news de Jair Bolsonaro e seu grupo pol\u00edtico. A posi\u00e7\u00e3o foi destacada, nesta ter\u00e7a-feira (18), durante reuni\u00e3o virtual do candidato a presidente da Rep\u00fablica pelo PT, Luiz In\u00e1cio Lula da Silva, com comunicadores brasileiros.<\/p>\n<p>\u201cPrecisamos, cada vez mais, ter agilidade e uniformidade na resposta. A agilidade \u00e9 fundamental para conter os danos que eles podem causar. [&#8230;] \u201cN\u00f3s estamos lidando e enfrentando uma m\u00e1fia, inclusive com dinheiro de fora do Brasil. Desde 2018, na elei\u00e7\u00e3o do \u2018belzebu\u2019, do profeta da ignor\u00e2ncia, n\u00f3s estamos com uma a\u00e7\u00e3o contra isso\u201d, afirmou o ex-ministro do Trabalho e Emprego.<\/p>\n<p>\u201cParabenizar a nossa galera, que est\u00e1 movimentando, reagindo, lutando e dando exemplo para todos n\u00f3s. Voc\u00eas s\u00e3o um orgulho para qualquer pa\u00eds. S\u00e3o jovens que lutam corajosamente, e muitos sem estrutura, para defender a democracia e um projeto de pa\u00eds, completou.<\/p>\n<p>Entre os pontos para debate e conquista de votos, Lupi defendeu uma intensa ofensiva, na reta final do segundo turno, para seguir esclarecendo o impacto do coronav\u00edrus, no Brasil, a partir da gest\u00e3o promovida pelo governo federal e o comportamento do presidente.<\/p>\n<p>\u201cTem uma coisa que toca profundamente na base eleitoral deles, que \u00e9 a quest\u00e3o da Covid e a omiss\u00e3o do Bolsonaro, com a covardia que ele fez. [&#8230;] Cada um de n\u00f3s tem um parente, amigo ou conhecido que foi v\u00edtima com gravidade ou morte\u201d, comentou.<\/p>\n<p>\u201c\u00c9 impressionante como isso toca, incluindo as mortes, a neglig\u00eancia e a goza\u00e7\u00e3o que ele [Bolsonaro] fez com a doen\u00e7a. \u00c9 a \u00e1rea mais fr\u00e1gil para eles conseguirem reagir\u201d, concluiu.<\/p>\n<p>Para conferir a \u00edntegra da reuni\u00e3o, clique <a href=\"https:\/\/www.youtube.com\/watch?v=h0ds9OKlIjg\">aqui<\/a>.<\/p>\n<!-- AddThis Advanced Settings generic via filter on the_content --><!-- AddThis Share Buttons generic via filter on the_content -->","protected":false},"excerpt":{"rendered":"<p>Posi\u00e7\u00e3o foi destacada durante reuni\u00e3o virtual de Lula com comunicadores brasileiros O presidente nacional do PDT, Carlos Lupi, citou a import\u00e2ncia da \u201cagilidade e uniformidade\u201d na comunica\u00e7\u00e3o para conter o impacto da cria\u00e7\u00e3o e divulga\u00e7\u00e3o de fake news de Jair Bolsonaro e seu grupo pol\u00edtico. A posi\u00e7\u00e3o foi destacada, nesta ter\u00e7a-feira (18), durante reuni\u00e3o virtual&#8230;<!-- AddThis Advanced Settings generic via filter on wp_trim_excerpt --><!-- AddThis Share Buttons generic via filter on wp_trim_excerpt --><\/p>\n","protected":false},"author":17,"featured_media":83794,"comment_status":"closed","ping_status":"closed","sticky":false,"template":"","format":"standard","meta":{"_monsterinsights_skip_tracking":false,"_monsterinsights_sitenote_active":false,"_monsterinsights_sitenote_note":"","_monsterinsights_sitenote_category":0,"_uf_show_specific_survey":0,"_uf_disable_surveys":false,"footnotes":""},"categories":[1390,5417,1401],"tags":[],"class_list":["post-83793","post","type-post","status-publish","format-standard","has-post-thumbnail","hentry","category-editorias","category-carlos-lupi","category-nacional"],"acf":[],"_links":{"self":[{"href":"https:\/\/pdt-rj.org.br\/index.php\/wp-json\/wp\/v2\/posts\/83793","targetHints":{"allow":["GET"]}}],"collection":[{"href":"https:\/\/pdt-rj.org.br\/index.php\/wp-json\/wp\/v2\/posts"}],"about":[{"href":"https:\/\/pdt-rj.org.br\/index.php\/wp-json\/wp\/v2\/types\/post"}],"author":[{"embeddable":true,"href":"https:\/\/pdt-rj.org.br\/index.php\/wp-json\/wp\/v2\/users\/17"}],"replies":[{"embeddable":true,"href":"https:\/\/pdt-rj.org.br\/index.php\/wp-json\/wp\/v2\/comments?post=83793"}],"version-history":[{"count":5,"href":"https:\/\/pdt-rj.org.br\/index.php\/wp-json\/wp\/v2\/posts\/83793\/revisions"}],"predecessor-version":[{"id":83813,"href":"https:\/\/pdt-rj.org.br\/index.php\/wp-json\/wp\/v2\/posts\/83793\/revisions\/83813"}],"wp:featuredmedia":[{"embeddable":true,"href":"https:\/\/pdt-rj.org.br\/index.php\/wp-json\/wp\/v2\/media\/83794"}],"wp:attachment":[{"href":"https:\/\/pdt-rj.org.br\/index.php\/wp-json\/wp\/v2\/media?parent=83793"}],"wp:term":[{"taxonomy":"category","embeddable":true,"href":"https:\/\/pdt-rj.org.br\/index.php\/wp-json\/wp\/v2\/categories?post=83793"},{"taxonomy":"post_tag","embeddable":true,"href":"https:\/\/pdt-rj.org.br\/index.php\/wp-json\/wp\/v2\/tags?post=83793"}],"curies":[{"name":"wp","href":"https:\/\/api.w.org\/{rel}","templated":true}]}}