{"id":83751,"date":"2022-10-05T19:46:02","date_gmt":"2022-10-05T22:46:02","guid":{"rendered":"https:\/\/pdt-rj.org.br\/?p=83751"},"modified":"2022-10-24T11:07:47","modified_gmt":"2022-10-24T14:07:47","slug":"estar-ao-lado-do-lula-e-estar-ao-lado-da-democracia-diz-lupi-em-sao-paulo","status":"publish","type":"post","link":"https:\/\/pdt-rj.org.br\/index.php\/estar-ao-lado-do-lula-e-estar-ao-lado-da-democracia-diz-lupi-em-sao-paulo\/","title":{"rendered":"\u201cEstar ao lado do Lula \u00e9 estar ao lado da democracia\u201d, diz Lupi em S\u00e3o Paulo"},"content":{"rendered":"<p><strong>Encontro contou ainda com a presen\u00e7a de Rodrigo Neves, ex-prefeito de Niter\u00f3i<\/strong><\/p>\n<p>Em encontro na tarde desta quarta-feira (05), em S\u00e3o Paulo (SP), com o candidato \u00e0 presid\u00eancia Luiz In\u00e1cio Lula da Silva, o presidente nacional do PDT, Carlos Lupi, reafirmou o apoio un\u00e2nime do partido, deliberado no dia anterior pela Executiva Nacional PDT, e disse que \u201cest\u00e1 pronto para combater o mal maior da sociedade brasileira, que \u00e9 Bolsonaro, e reafirmar a democracia ao lado de Lula no segundo turno\u201d.<\/p>\n<p>O encontro aconteceu em um hotel da Zona Sul da capital paulista e contou ainda com a presen\u00e7a de Rodrigo Neves, ex-prefeito de Niter\u00f3i e candidato do PDT ao governo do Rio no primeiro turno, e de Binho Guimar\u00e3es, vereador licenciado e secret\u00e1rio \u00a0de Niter\u00f3i.<\/p>\n<p>\u201cSempre tivemos nossas diferen\u00e7as, mas o que est\u00e1 em jogo neste momento \u00e9 a democracia. Ontem mesmo eu estava dizendo que enquanto torturados e exilados, n\u00e3o h\u00e1 possibilidade da gente caminhar ao lado dos nossos algozes. Bolsonaro representa tudo que o Trabalhismo historicamente combateu, combate e continuar\u00e1 combatendo. Portanto, para n\u00f3s, caminharmos juntos, \u00e9 uma esperan\u00e7a de dias melhores para nosso povo e nossa democracia\u201d registrou Lupi.<\/p>\n<p>\u201cEm defesa do Brasil, da democracia e do povo brasileiro, o trabalhismo agora \u00e9 12+1, Lula presidente!\u201d, completou Neves.<\/p>\n<p>O PDT tamb\u00e9m foi convidado, formalmente, para compor a coordena\u00e7\u00e3o de campanha de Lula neste segundo turno, pela presidenta nacional do PT, a deputada Gleisi Hofmmann.<\/p>\n<!-- AddThis Advanced Settings generic via filter on the_content --><!-- AddThis Share Buttons generic via filter on the_content -->","protected":false},"excerpt":{"rendered":"<p>Encontro contou ainda com a presen\u00e7a de Rodrigo Neves, ex-prefeito de Niter\u00f3i Em encontro na tarde desta quarta-feira (05), em S\u00e3o Paulo (SP), com o candidato \u00e0 presid\u00eancia Luiz In\u00e1cio Lula da Silva, o presidente nacional do PDT, Carlos Lupi, reafirmou o apoio un\u00e2nime do partido, deliberado no dia anterior pela Executiva Nacional PDT, e&#8230;<!-- AddThis Advanced Settings generic via filter on wp_trim_excerpt --><!-- AddThis Share Buttons generic via filter on wp_trim_excerpt --><\/p>\n","protected":false},"author":17,"featured_media":83752,"comment_status":"closed","ping_status":"closed","sticky":false,"template":"","format":"standard","meta":{"_monsterinsights_skip_tracking":false,"_monsterinsights_sitenote_active":false,"_monsterinsights_sitenote_note":"","_monsterinsights_sitenote_category":0,"_uf_show_specific_survey":0,"_uf_disable_surveys":false,"footnotes":""},"categories":[1390,5417,5415],"tags":[],"class_list":["post-83751","post","type-post","status-publish","format-standard","has-post-thumbnail","hentry","category-editorias","category-carlos-lupi","category-rodrigo-neves"],"acf":[],"_links":{"self":[{"href":"https:\/\/pdt-rj.org.br\/index.php\/wp-json\/wp\/v2\/posts\/83751","targetHints":{"allow":["GET"]}}],"collection":[{"href":"https:\/\/pdt-rj.org.br\/index.php\/wp-json\/wp\/v2\/posts"}],"about":[{"href":"https:\/\/pdt-rj.org.br\/index.php\/wp-json\/wp\/v2\/types\/post"}],"author":[{"embeddable":true,"href":"https:\/\/pdt-rj.org.br\/index.php\/wp-json\/wp\/v2\/users\/17"}],"replies":[{"embeddable":true,"href":"https:\/\/pdt-rj.org.br\/index.php\/wp-json\/wp\/v2\/comments?post=83751"}],"version-history":[{"count":10,"href":"https:\/\/pdt-rj.org.br\/index.php\/wp-json\/wp\/v2\/posts\/83751\/revisions"}],"predecessor-version":[{"id":83830,"href":"https:\/\/pdt-rj.org.br\/index.php\/wp-json\/wp\/v2\/posts\/83751\/revisions\/83830"}],"wp:featuredmedia":[{"embeddable":true,"href":"https:\/\/pdt-rj.org.br\/index.php\/wp-json\/wp\/v2\/media\/83752"}],"wp:attachment":[{"href":"https:\/\/pdt-rj.org.br\/index.php\/wp-json\/wp\/v2\/media?parent=83751"}],"wp:term":[{"taxonomy":"category","embeddable":true,"href":"https:\/\/pdt-rj.org.br\/index.php\/wp-json\/wp\/v2\/categories?post=83751"},{"taxonomy":"post_tag","embeddable":true,"href":"https:\/\/pdt-rj.org.br\/index.php\/wp-json\/wp\/v2\/tags?post=83751"}],"curies":[{"name":"wp","href":"https:\/\/api.w.org\/{rel}","templated":true}]}}