{"id":83744,"date":"2022-10-05T13:21:48","date_gmt":"2022-10-05T16:21:48","guid":{"rendered":"https:\/\/pdt-rj.org.br\/?p=83744"},"modified":"2022-10-18T13:47:18","modified_gmt":"2022-10-18T16:47:18","slug":"o-que-apreendemos-com-as-urnas-de-2022-por-manoel-dias","status":"publish","type":"post","link":"https:\/\/pdt-rj.org.br\/index.php\/o-que-apreendemos-com-as-urnas-de-2022-por-manoel-dias\/","title":{"rendered":"&#8220;O que aprendemos com as urnas de 2022?&#8221;, por Manoel Dias"},"content":{"rendered":"<p style=\"font-weight: 400;\"><strong>O Trabalhismo sempre lutou pela legalidade, pela democracia, pela representa\u00e7\u00e3o do Estado Democr\u00e1tico de Direito e pela dignidade da pessoa humana<\/strong><span style=\"font-weight: 400;\">\u00a0<\/span><\/p>\n<p style=\"font-weight: 400;\"><span style=\"font-weight: 400;\">Os resultados que emergem das urnas, neste ano eleitoral, trazem algumas surpresas profundamente preocupantes e algumas obviedades, dificilmente entendidas, mas emergencialmente necess\u00e1rias.<\/span><\/p>\n<p style=\"font-weight: 400;\"><span style=\"font-weight: 400;\">N\u00f3s, trabalhistas, ou compreendemos \u2013 definitivamente que somos um partido que tem em sua g\u00eanese a luta de classes \u2013 e que o requisito essencial\u00a0 para enfrent\u00e1-la \u00e9 a organiza\u00e7\u00e3o social e a politiza\u00e7\u00e3o do povo, ou entraremos em processo de extin\u00e7\u00e3o.<\/span><\/p>\n<p style=\"font-weight: 400;\"><span style=\"font-weight: 400;\">N\u00e3o temos mais, fisicamente, l\u00edderes como Get\u00falio Vargas, Jo\u00e3o Goulart e Leonel Brizola, os agentes aglutinadores das massas e, consequentemente, nossos guias incontestes dos p\u00eandulos da balan\u00e7a entre o capital e o trabalho e na luta pela emancipa\u00e7\u00e3o de nosso povo e pela sua liberta\u00e7\u00e3o das amarras colonialistas, mas carregamos em nossa Hist\u00f3ria de quase um s\u00e9culo a refer\u00eancia de um passado glorioso, onde o povo trabalhador sempre foi o centro das causas e das lutas brasileiras.<\/span><\/p>\n<p style=\"font-weight: 400;\"><span style=\"font-weight: 400;\">O Partido Democr\u00e1tico Trabalhista precisa organizar a massa trabalhadora \u2013 \u00f3rf\u00e3 de\u00a0 sonhos, projetos e perspectivas \u2013 a qual est\u00e1 entregue \u00e0s narrativas da disputa do poder pelo poder, que apenas ratifica a explora\u00e7\u00e3o das classes marginalizadas, manipuladas e exploradas pelo grande capital.<\/span><\/p>\n<p style=\"font-weight: 400;\"><span style=\"font-weight: 400;\">Legitimamos este sistema ao n\u00e3o cumprirmos nossa tarefa mais importante: a organiza\u00e7\u00e3o do povo para sua pr\u00f3pria liberta\u00e7\u00e3o. N\u00e3o h\u00e1 outro caminho. N\u00e3o h\u00e1 atalhos. N\u00e3o h\u00e1 f\u00f3rmulas m\u00e1gicas. S\u00f3 a nuclea\u00e7\u00e3o do nosso partido e da sociedade brasileira para sua pr\u00f3pria liberta\u00e7\u00e3o. \u00c9 preciso compreendermos a realidade brasileira e o porqu\u00ea de tudo que acontece ao nosso redor. Precisamos questionar, precisamos nos mobilizar e precisamos lutar para que este ciclo perverso se encerre.<\/span><\/p>\n<p style=\"font-weight: 400;\"><span style=\"font-weight: 400;\">A hist\u00f3ria \u00e9 farta destes exemplos. O Partidos dos Trabalhadores, de hoje, \u00e9 resultado da nuclea\u00e7\u00e3o social; assim como as grandes mudan\u00e7as emancipat\u00f3rias ocorridas ao longo dos anos e ao redor do mundo s\u00e3o frutos da organiza\u00e7\u00e3o e da politiza\u00e7\u00e3o de seu povo.<\/span><\/p>\n<p style=\"font-weight: 400;\"><span style=\"font-weight: 400;\">Outro fator que o pleito de 2022 traz e que precisamos refletir \u00e9 sobre a cr\u00edtica\u00a0 udenista, despolitizada e desqualificada da qual sempre fomos v\u00edtimas.\u00a0 O discurso de detergente da hist\u00f3ria \u00e9 a mais pura narrativa direitista e lacerdista.<\/span><\/p>\n<p style=\"font-weight: 400;\"><span style=\"font-weight: 400;\">Brizola, l\u00edder trabalhista e fundador do PDT, sempre fez as mais \u00e1cidas cr\u00edticas aos seus advers\u00e1rios pol\u00edticos atrav\u00e9s de o vi\u00e9s ideol\u00f3gico e progressista, sem se deixar cooptar pela armadilha hip\u00f3crita e do discurso dos limpinhos e higienizados.<\/span><\/p>\n<p style=\"font-weight: 400;\"><span style=\"font-weight: 400;\">Quem tem projeto e Hist\u00f3ria, tem raiz, n\u00e3o se utiliza destes subterf\u00fagios. Esta n\u00e3o \u00e9 e nunca foi a estrat\u00e9gia pol\u00edtica e ideol\u00f3gica da nossa corrente pol\u00edtica, pois compreendemos o processo hist\u00f3rico e a necessidade que nosso pa\u00eds tem em avan\u00e7ar em nossos pilares: desenvolvimento econ\u00f4mico, justi\u00e7a social e soberania nacional.<\/span><\/p>\n<p style=\"font-weight: 400;\"><span style=\"font-weight: 400;\">O crescimento da extrema-direita neste pleito \u00e9 a demonstra\u00e7\u00e3o do retrocesso e do perigo eminente para o nosso Pa\u00eds. N\u00e3o tenhamos d\u00favida, de que Bolsonaro e sua turma s\u00e3o o oposto \u00e0quilo que \u00e9 o verdadeiro Trabalhismo. S\u00e3o a nossa ant\u00edtese.<\/span><\/p>\n<p style=\"font-weight: 400;\"><span style=\"font-weight: 400;\">O Trabalhismo sempre lutou pela legalidade, pela democracia, pela representa\u00e7\u00e3o do Estado Democr\u00e1tico de Direito e pela dignidade da pessoa humana. N\u00e3o h\u00e1 outra alternativa e n\u00e3o h\u00e1 possibilidade para titubear em momentos decisivos. Que as respostas das urnas sejam compreendidas, e que, n\u00f3s, pedetistas, possamos enfim organizar nosso povo e que o nosso projeto de na\u00e7\u00e3o e de emancipa\u00e7\u00e3o volte a fazer do nosso Brasil, um pa\u00eds mais justo, digno e soberano.<\/span><\/p>\n<p style=\"font-weight: 400;\"><strong>*Manoel Dias \u00e9 secret\u00e1rio-geral nacional do PDT, presidente nacional da Funda\u00e7\u00e3o Leonel Brizola &#8211; Alberto Pasqualini (FLB-AP) e ex-ministro do Trabalho e Emprego.<\/strong><\/p>\n<!-- AddThis Advanced Settings generic via filter on the_content --><!-- AddThis Share Buttons generic via filter on the_content -->","protected":false},"excerpt":{"rendered":"<p>O Trabalhismo sempre lutou pela legalidade, pela democracia, pela representa\u00e7\u00e3o do Estado Democr\u00e1tico de Direito e pela dignidade da pessoa humana\u00a0 Os resultados que emergem das urnas, neste ano eleitoral, trazem algumas surpresas profundamente preocupantes e algumas obviedades, dificilmente entendidas, mas emergencialmente necess\u00e1rias. N\u00f3s, trabalhistas, ou compreendemos \u2013 definitivamente que somos um partido que tem&#8230;<!-- AddThis Advanced Settings generic via filter on wp_trim_excerpt --><!-- AddThis Share Buttons generic via filter on wp_trim_excerpt --><\/p>\n","protected":false},"author":17,"featured_media":83745,"comment_status":"closed","ping_status":"closed","sticky":false,"template":"","format":"standard","meta":{"_monsterinsights_skip_tracking":false,"_monsterinsights_sitenote_active":false,"_monsterinsights_sitenote_note":"","_monsterinsights_sitenote_category":0,"_uf_show_specific_survey":0,"_uf_disable_surveys":false,"footnotes":""},"categories":[1584,1390,1401],"tags":[],"class_list":["post-83744","post","type-post","status-publish","format-standard","has-post-thumbnail","hentry","category-artigos","category-editorias","category-nacional"],"acf":[],"_links":{"self":[{"href":"https:\/\/pdt-rj.org.br\/index.php\/wp-json\/wp\/v2\/posts\/83744","targetHints":{"allow":["GET"]}}],"collection":[{"href":"https:\/\/pdt-rj.org.br\/index.php\/wp-json\/wp\/v2\/posts"}],"about":[{"href":"https:\/\/pdt-rj.org.br\/index.php\/wp-json\/wp\/v2\/types\/post"}],"author":[{"embeddable":true,"href":"https:\/\/pdt-rj.org.br\/index.php\/wp-json\/wp\/v2\/users\/17"}],"replies":[{"embeddable":true,"href":"https:\/\/pdt-rj.org.br\/index.php\/wp-json\/wp\/v2\/comments?post=83744"}],"version-history":[{"count":6,"href":"https:\/\/pdt-rj.org.br\/index.php\/wp-json\/wp\/v2\/posts\/83744\/revisions"}],"predecessor-version":[{"id":83797,"href":"https:\/\/pdt-rj.org.br\/index.php\/wp-json\/wp\/v2\/posts\/83744\/revisions\/83797"}],"wp:featuredmedia":[{"embeddable":true,"href":"https:\/\/pdt-rj.org.br\/index.php\/wp-json\/wp\/v2\/media\/83745"}],"wp:attachment":[{"href":"https:\/\/pdt-rj.org.br\/index.php\/wp-json\/wp\/v2\/media?parent=83744"}],"wp:term":[{"taxonomy":"category","embeddable":true,"href":"https:\/\/pdt-rj.org.br\/index.php\/wp-json\/wp\/v2\/categories?post=83744"},{"taxonomy":"post_tag","embeddable":true,"href":"https:\/\/pdt-rj.org.br\/index.php\/wp-json\/wp\/v2\/tags?post=83744"}],"curies":[{"name":"wp","href":"https:\/\/api.w.org\/{rel}","templated":true}]}}