{"id":83735,"date":"2022-10-04T17:12:24","date_gmt":"2022-10-04T20:12:24","guid":{"rendered":"https:\/\/pdt-rj.org.br\/?p=83735"},"modified":"2022-10-17T09:15:19","modified_gmt":"2022-10-17T12:15:19","slug":"pdt-declara-apoio-a-lula-no-segundo-turno-das-eleicoes-presidenciais","status":"publish","type":"post","link":"https:\/\/pdt-rj.org.br\/index.php\/pdt-declara-apoio-a-lula-no-segundo-turno-das-eleicoes-presidenciais\/","title":{"rendered":"PDT declara apoio a Lula no segundo turno das elei\u00e7\u00f5es presidenciais"},"content":{"rendered":"<p><strong>\u201cComo torturados, jamais podemos apoiar torturador\u201d, garante<\/strong><strong>\u00a0Carlos Lupi<\/strong><\/p>\n<p>Em reuni\u00e3o no in\u00edcio da tarde desta ter\u00e7a-feira (4), a Executiva Nacional do PDT definiu que seguir\u00e1 com Luiz In\u00e1cio Lula da Silva na disputa do segundo turno \u00e0 presid\u00eancia da Rep\u00fablica, em 30 de outubro. A decis\u00e3o, de acordo com o presidente nacional do PDT, Carlos Lupi, \u00e9 natural e deixa clara a posi\u00e7\u00e3o do partido. \u201cComo torturados, jamais podemos apoiar torturador\u201d, definiu Lupi durante a reuni\u00e3o.<\/p>\n<p>Lupi abriu a reuni\u00e3o agradecendo Ciro Gomes, candidato do partido \u00e0 presid\u00eancia, por sua lealdade \u00e0 causa trabalhista.<\/p>\n<p>Eu queria agradecer ao companheiro Ciro Gomes, que muito nos honrou em levar nossas bandeiras e nossos projetos a todos os cantos do Pa\u00eds. Seguimos firmes porque acreditamos que este \u00e9 o nosso papel, apresentar ao povo brasileiro nossas propostas para o futuro do Brasil\u201d, disse Lupi.<\/p>\n<p>A decis\u00e3o foi un\u00e2nime entre os 38 membros da Executiva do PDT. Lupi relembrou que existem \u201cvis\u00f5es diferentes\u201d entre PDT e PT, mas deixou claro que o PDT n\u00e3o poderia trair sua hist\u00f3ria e n\u00e3o se posicionar.<\/p>\n<p>\u00c9 um momento extremamente delicado que a Rep\u00fablica passa. Temos um presidente absolutamente incapaz, que deixou milh\u00f5es de brasileiros \u00e0 pr\u00f3pria sorte, respons\u00e1vel pela morte de mais 700 mil na pandemia. Em 42 anos de hist\u00f3ria, o PDT jamais deixou de se posicionar nos momentos mais complexos da vida pol\u00edtica brasileira, e n\u00e3o ser\u00e1 agora que isso ir\u00e1 acontecer\u201d, ressaltou Lupi.<\/p>\n<p>Lupi tamb\u00e9m ressaltou que apresentou \u00e0 presidente nacional do PT, deputada Gleisi Hoffmann, tr\u00eas pontos do Projeto Nacional de Desenvolvimento (PND) para serem incorporados ao plano de governo de Lula: a renegocia\u00e7\u00e3o das d\u00edvidas dos brasileiros inscritos no Serasa; Educa\u00e7\u00e3o em tempo integral e projeto de renda m\u00ednima.<\/p>\n<p>Apresentamos e, de antem\u00e3o, a presidenta Gleisi disse que as propostas ser\u00e3o contempladas pela campanha de Lula\u201d, ressaltou Lupi.<\/p>\n<p>Ao referendar a decis\u00e3o do partido fundado por Leonel Brizola, o ex-prefeito de Niter\u00f3i ratificou a import\u00e2ncia da mobiliza\u00e7\u00e3o trabalhista \u201cdiante das amea\u00e7as \u00e0 democracia e institui\u00e7\u00f5es do Estado Democr\u00e1tico de Direito\u201d.<\/p>\n<p>\u201cEm defesa do Brasil, da democracia, do meio ambiente e dos direitos sociais do povo, o voto e a campanha agora \u00e9 no 12+1 neste segundo turno. Vamos \u00e0s ruas at\u00e9 a vit\u00f3ria do Brasil e do Rio de Janeiro no dia 30 de outubro&#8221;, declarou Neves.<\/p>\n<!-- AddThis Advanced Settings generic via filter on the_content --><!-- AddThis Share Buttons generic via filter on the_content -->","protected":false},"excerpt":{"rendered":"<p>\u201cComo torturados, jamais podemos apoiar torturador\u201d, garante\u00a0Carlos Lupi Em reuni\u00e3o no in\u00edcio da tarde desta ter\u00e7a-feira (4), a Executiva Nacional do PDT definiu que seguir\u00e1 com Luiz In\u00e1cio Lula da Silva na disputa do segundo turno \u00e0 presid\u00eancia da Rep\u00fablica, em 30 de outubro. A decis\u00e3o, de acordo com o presidente nacional do PDT, Carlos&#8230;<!-- AddThis Advanced Settings generic via filter on wp_trim_excerpt --><!-- AddThis Share Buttons generic via filter on wp_trim_excerpt --><\/p>\n","protected":false},"author":17,"featured_media":83736,"comment_status":"closed","ping_status":"closed","sticky":false,"template":"","format":"standard","meta":{"_monsterinsights_skip_tracking":false,"_monsterinsights_sitenote_active":false,"_monsterinsights_sitenote_note":"","_monsterinsights_sitenote_category":0,"_uf_show_specific_survey":0,"_uf_disable_surveys":false,"footnotes":""},"categories":[1390,5417,5416,1401,5415],"tags":[],"class_list":["post-83735","post","type-post","status-publish","format-standard","has-post-thumbnail","hentry","category-editorias","category-carlos-lupi","category-ciro-gomes","category-nacional","category-rodrigo-neves"],"acf":[],"_links":{"self":[{"href":"https:\/\/pdt-rj.org.br\/index.php\/wp-json\/wp\/v2\/posts\/83735","targetHints":{"allow":["GET"]}}],"collection":[{"href":"https:\/\/pdt-rj.org.br\/index.php\/wp-json\/wp\/v2\/posts"}],"about":[{"href":"https:\/\/pdt-rj.org.br\/index.php\/wp-json\/wp\/v2\/types\/post"}],"author":[{"embeddable":true,"href":"https:\/\/pdt-rj.org.br\/index.php\/wp-json\/wp\/v2\/users\/17"}],"replies":[{"embeddable":true,"href":"https:\/\/pdt-rj.org.br\/index.php\/wp-json\/wp\/v2\/comments?post=83735"}],"version-history":[{"count":4,"href":"https:\/\/pdt-rj.org.br\/index.php\/wp-json\/wp\/v2\/posts\/83735\/revisions"}],"predecessor-version":[{"id":83790,"href":"https:\/\/pdt-rj.org.br\/index.php\/wp-json\/wp\/v2\/posts\/83735\/revisions\/83790"}],"wp:featuredmedia":[{"embeddable":true,"href":"https:\/\/pdt-rj.org.br\/index.php\/wp-json\/wp\/v2\/media\/83736"}],"wp:attachment":[{"href":"https:\/\/pdt-rj.org.br\/index.php\/wp-json\/wp\/v2\/media?parent=83735"}],"wp:term":[{"taxonomy":"category","embeddable":true,"href":"https:\/\/pdt-rj.org.br\/index.php\/wp-json\/wp\/v2\/categories?post=83735"},{"taxonomy":"post_tag","embeddable":true,"href":"https:\/\/pdt-rj.org.br\/index.php\/wp-json\/wp\/v2\/tags?post=83735"}],"curies":[{"name":"wp","href":"https:\/\/api.w.org\/{rel}","templated":true}]}}