{"id":83700,"date":"2022-09-28T21:17:30","date_gmt":"2022-09-29T00:17:30","guid":{"rendered":"https:\/\/pdt-rj.org.br\/?p=83700"},"modified":"2022-10-04T18:23:37","modified_gmt":"2022-10-04T21:23:37","slug":"na-baixada-rodrigo-neves-visita-ciep-abandonado-e-garante-reabertura","status":"publish","type":"post","link":"https:\/\/pdt-rj.org.br\/index.php\/na-baixada-rodrigo-neves-visita-ciep-abandonado-e-garante-reabertura\/","title":{"rendered":"Na Baixada, Rodrigo Neves visita CIEP abandonado e garante reabertura"},"content":{"rendered":"<p style=\"font-weight: 400;\"><strong>Candidato a governador do PDT participa de encontro com estudantes em Nova Igua\u00e7u e realiza caminhada no Centro<\/strong><\/p>\n<p style=\"font-weight: 400;\"><span data-originalfontsize=\"12pt\" data-originalcomputedfontsize=\"16\">Dentro de um CIEP abandonado em Nova Igua\u00e7u, na Baixada Fluminense, o candidato ao governo do Estado do Rio de Janeiro pelo PDT, Rodrigo Neves, falou, nesta ter\u00e7a-feira (28), sobre suas propostas para a Educa\u00e7\u00e3o, criticou a falta de gest\u00e3o do atual governo e chamou de \u201ctrag\u00e9dia social\u201d o alto n\u00famero de jovens fora da escola e todo o estado. Em seguida, o candidato seguiu para uma caminhada no cal\u00e7ad\u00e3o no Centro do munic\u00edpio.<\/span><\/p>\n<p style=\"font-weight: 400;\"><span data-originalfontsize=\"12pt\" data-originalcomputedfontsize=\"16\">\u201cN\u00e3o podemos perder a capacidade de nos indignarmos com uma situa\u00e7\u00e3o como esta aqui: um CIEP abandonado, enquanto temos quase 40% dos jovens de 15 a 20 anos no estado do Rio de Janeiro que n\u00e3o estudam e n\u00e3o trabalham. Isso por si s\u00f3 j\u00e1 \u00e9 uma trag\u00e9dia social, mas \u00e9 ainda uma trag\u00e9dia econ\u00f4mica, porque estamos deixando de formar pessoas para o mercado de trabalho, e \u00e9 tamb\u00e9m uma trag\u00e9dia do ponto de vista da Seguran\u00e7a P\u00fablica, pois impacta diretamente na viol\u00eancia, na marginaliza\u00e7\u00e3o social da juventude\u201d, relatou Neves.<\/span><\/p>\n<p style=\"font-weight: 400;\"><span data-originalfontsize=\"12pt\" data-originalcomputedfontsize=\"16\">O candidato do PDT afirmou que, a partir de 2023, vai reconstruir todos os CIEPs abandonados no estado, vai dobrar os investimentos em Ensino T\u00e9cnico e Profissionalizante e vai fazer parcerias com os munic\u00edpios para garantir creche integral para as crian\u00e7as. <\/span><\/p>\n<p style=\"font-weight: 400;\"><span data-originalfontsize=\"12pt\" data-originalcomputedfontsize=\"16\">Neves lembrou que, nos \u00faltimos quatro anos, o Rio de Janeiro teve cinco secret\u00e1rios de Educa\u00e7\u00e3o e que essa instabilidade inviabiliza a execu\u00e7\u00e3o de uma pol\u00edtica p\u00fablica eficiente.<\/span><\/p>\n<p style=\"font-weight: 400;\"><span data-originalfontsize=\"12pt\" data-originalcomputedfontsize=\"16\">\u201cEm nenhum outro estado caiu tanto de qualidade no Enem, no Ensino M\u00e9dio, como no Rio. E a pergunta que fica \u00e9: como um estado que tem institutos de excel\u00eancia como a Coppe, da UFRJ, e o Centro de Pesquisa e Desenvolvimento <\/span><span data-originalfontsize=\"small\" data-originalcomputedfontsize=\"13\">da Petrobras, convive com os piores \u00edndices educacionais do ensino m\u00e9dio no Brasil?\u201d, questionou Rodrigo Neves.<\/span><\/p>\n<!-- AddThis Advanced Settings generic via filter on the_content --><!-- AddThis Share Buttons generic via filter on the_content -->","protected":false},"excerpt":{"rendered":"<p>Candidato a governador do PDT participa de encontro com estudantes em Nova Igua\u00e7u e realiza caminhada no Centro Dentro de um CIEP abandonado em Nova Igua\u00e7u, na Baixada Fluminense, o candidato ao governo do Estado do Rio de Janeiro pelo PDT, Rodrigo Neves, falou, nesta ter\u00e7a-feira (28), sobre suas propostas para a Educa\u00e7\u00e3o, criticou a&#8230;<!-- AddThis Advanced Settings generic via filter on wp_trim_excerpt --><!-- AddThis Share Buttons generic via filter on wp_trim_excerpt --><\/p>\n","protected":false},"author":17,"featured_media":83726,"comment_status":"closed","ping_status":"closed","sticky":false,"template":"","format":"standard","meta":{"_monsterinsights_skip_tracking":false,"_monsterinsights_sitenote_active":false,"_monsterinsights_sitenote_note":"","_monsterinsights_sitenote_category":0,"_uf_show_specific_survey":0,"_uf_disable_surveys":false,"footnotes":""},"categories":[1390,5414,5415],"tags":[],"class_list":["post-83700","post","type-post","status-publish","format-standard","has-post-thumbnail","hentry","category-editorias","category-estado","category-rodrigo-neves"],"acf":[],"_links":{"self":[{"href":"https:\/\/pdt-rj.org.br\/index.php\/wp-json\/wp\/v2\/posts\/83700","targetHints":{"allow":["GET"]}}],"collection":[{"href":"https:\/\/pdt-rj.org.br\/index.php\/wp-json\/wp\/v2\/posts"}],"about":[{"href":"https:\/\/pdt-rj.org.br\/index.php\/wp-json\/wp\/v2\/types\/post"}],"author":[{"embeddable":true,"href":"https:\/\/pdt-rj.org.br\/index.php\/wp-json\/wp\/v2\/users\/17"}],"replies":[{"embeddable":true,"href":"https:\/\/pdt-rj.org.br\/index.php\/wp-json\/wp\/v2\/comments?post=83700"}],"version-history":[{"count":4,"href":"https:\/\/pdt-rj.org.br\/index.php\/wp-json\/wp\/v2\/posts\/83700\/revisions"}],"predecessor-version":[{"id":83742,"href":"https:\/\/pdt-rj.org.br\/index.php\/wp-json\/wp\/v2\/posts\/83700\/revisions\/83742"}],"wp:featuredmedia":[{"embeddable":true,"href":"https:\/\/pdt-rj.org.br\/index.php\/wp-json\/wp\/v2\/media\/83726"}],"wp:attachment":[{"href":"https:\/\/pdt-rj.org.br\/index.php\/wp-json\/wp\/v2\/media?parent=83700"}],"wp:term":[{"taxonomy":"category","embeddable":true,"href":"https:\/\/pdt-rj.org.br\/index.php\/wp-json\/wp\/v2\/categories?post=83700"},{"taxonomy":"post_tag","embeddable":true,"href":"https:\/\/pdt-rj.org.br\/index.php\/wp-json\/wp\/v2\/tags?post=83700"}],"curies":[{"name":"wp","href":"https:\/\/api.w.org\/{rel}","templated":true}]}}