{"id":83695,"date":"2022-09-28T16:22:38","date_gmt":"2022-09-28T19:22:38","guid":{"rendered":"https:\/\/pdt-rj.org.br\/?p=83695"},"modified":"2022-09-30T01:25:39","modified_gmt":"2022-09-30T04:25:39","slug":"rodrigo-neves-se-destaca-em-debate-na-tv-globo","status":"publish","type":"post","link":"https:\/\/pdt-rj.org.br\/index.php\/rodrigo-neves-se-destaca-em-debate-na-tv-globo\/","title":{"rendered":"Rodrigo Neves se destaca em debate na TV Globo"},"content":{"rendered":"<p style=\"font-weight: 400;\"><strong>Candidato a governador do PDT apresenta propostas concretas e aponta inconsist\u00eancias dos advers\u00e1rios em encontro na noite desta ter\u00e7a-feira (27)<\/strong><\/p>\n<p style=\"font-weight: 400;\">Entre os candidatos a governador do estado do Rio de Janeiro que participaram do debate eleitoral na TV Globo na noite desta ter\u00e7a-feira, 27, Rodrigo Neves (PDT) se destacou pela quantidade de propostas concretas e solu\u00e7\u00f5es vi\u00e1veis para reconstruir o estado do Rio de Janeiro nos pr\u00f3ximos quatro anos. Enquanto os advers\u00e1rios atacavam uns aos outros, o pedetista trouxe \u00e0 pauta importantes avalia\u00e7\u00f5es sobre Educa\u00e7\u00e3o, Sa\u00fade, Seguran\u00e7a P\u00fablica, Transporte, Emprego e Renda, Desenvolvimento Social, Desenvolvimento Econ\u00f4mico e Gest\u00e3o P\u00fablica. As propostas do candidato est\u00e3o dispon\u00edveis em detalhes em seus perfis nas redes sociais e em seu site de campanha, e a \u00edntegra do debate est\u00e1 dispon\u00edvel na plataforma de v\u00eddeos Globoplay e no portal de internet G1.<\/p>\n<p style=\"font-weight: 400;\">Nas considera\u00e7\u00f5es finais do debate, o soci\u00f3logo e gestor p\u00fablico que foi prefeito de Niter\u00f3i por dois mandatos fez uma avalia\u00e7\u00e3o sobre o atual momento do estado do Rio de Janeiro e sobre a necessidade de mudan\u00e7a de rumos na administra\u00e7\u00e3o p\u00fablica. \u201cO Rio vive a pior crise da sua hist\u00f3ria. As fam\u00edlias est\u00e3o sofrendo com desemprego, descaso com a Sa\u00fade, abandono da Educa\u00e7\u00e3o, com a inseguran\u00e7a nas ruas e at\u00e9 com a fome. O Cl\u00e1udio Castro vem dizendo na sua propaganda que a vida vem melhorando, mas voc\u00ea em casa sabe que nunca foi t\u00e3o duro e t\u00e3o dif\u00edcil sobreviver no estado do Rio de Janeiro. A necessidade de mudan\u00e7a \u00e9 urgente, mas mudar com Freixo, que nunca teve nenhum tipo de experi\u00eancia administrativa, \u00e9 um risco que o Rio de Janeiro n\u00e3o pode correr\u201d, argumentou Rodrigo Neves.<\/p>\n<p style=\"font-weight: 400;\">Em seguida, o candidato do PDT falou sobre sua fam\u00edlia e sobre sua experi\u00eancia administrativa. \u201cEu sou um homem realizado: casado h\u00e1 mais de 27 com a minha esposa, a Fernanda, tenho 3 filhos e Deus concedeu uma ben\u00e7\u00e3o na minha vida, que \u00e9 a Manuela, minha netinha. Aos 36 anos eu fui eleito prefeito da minha cidade, que sofria uma grave crise em 2012. Fui reeleito, elegi meu sucessor e sa\u00ed da prefeitura de Niter\u00f3i com mais de 80% de aprova\u00e7\u00e3o e fazendo de Niter\u00f3i, junto com a popula\u00e7\u00e3o de Niter\u00f3i, a melhor cidade em qualidade de vida. \u00c9 essa boa gest\u00e3o que quero levar para o estado, para levar qualidade de vida para o nosso povo. Por isso, no pr\u00f3ximo domingo eu pe\u00e7o a cada um de voc\u00eas: vote com confian\u00e7a, que o Rio vai mudar para fazer um governo para o povo. Vote no 12!\u201d.<\/p>\n<p style=\"font-weight: 400;\">Falando aos seus seguidores nas redes sociais, Rodrigo Neves refor\u00e7ou o pedido de voto: \u201cEspero que voc\u00eas tenham gostado das nossas propostas, tenham gostado da nossa apresenta\u00e7\u00e3o neste debate t\u00e3o importante para o futuro do estado do Rio de Janeiro. Quero pedir a cada um\u00a0e cada\u00a0uma\u00a0que multiplique o voto no 12. A continuidade do governo Cl\u00e1udio Castro \u00e9 uma trag\u00e9dia anunciada para o estado do Rio de Janeiro; e por outro lado, com todo respeito ao Freixo, todo mundo sabe que no segundo turno ele perde, em todas as pesquisas ele tem perdido para mim e para o Cl\u00e1udio Castro no segundo turno, e perdeu para o Crivella anos atr\u00e1s. A gente n\u00e3o pode arriscar o nosso futuro: ajude a multiplicar o voto no 12 para irmos ao segundo turno, vencermos esta elei\u00e7\u00e3o e fazermos juntos um governo para o povo do estado do Rio de Janeiro\u201d.<\/p>\n<!-- AddThis Advanced Settings generic via filter on the_content --><!-- AddThis Share Buttons generic via filter on the_content -->","protected":false},"excerpt":{"rendered":"<p>Candidato a governador do PDT apresenta propostas concretas e aponta inconsist\u00eancias dos advers\u00e1rios em encontro na noite desta ter\u00e7a-feira (27) Entre os candidatos a governador do estado do Rio de Janeiro que participaram do debate eleitoral na TV Globo na noite desta ter\u00e7a-feira, 27, Rodrigo Neves (PDT) se destacou pela quantidade de propostas concretas e&#8230;<!-- AddThis Advanced Settings generic via filter on wp_trim_excerpt --><!-- AddThis Share Buttons generic via filter on wp_trim_excerpt --><\/p>\n","protected":false},"author":17,"featured_media":83699,"comment_status":"closed","ping_status":"closed","sticky":false,"template":"","format":"standard","meta":{"_monsterinsights_skip_tracking":false,"_monsterinsights_sitenote_active":false,"_monsterinsights_sitenote_note":"","_monsterinsights_sitenote_category":0,"_uf_show_specific_survey":0,"_uf_disable_surveys":false,"footnotes":""},"categories":[1390,5414,5415],"tags":[],"class_list":["post-83695","post","type-post","status-publish","format-standard","has-post-thumbnail","hentry","category-editorias","category-estado","category-rodrigo-neves"],"acf":[],"_links":{"self":[{"href":"https:\/\/pdt-rj.org.br\/index.php\/wp-json\/wp\/v2\/posts\/83695","targetHints":{"allow":["GET"]}}],"collection":[{"href":"https:\/\/pdt-rj.org.br\/index.php\/wp-json\/wp\/v2\/posts"}],"about":[{"href":"https:\/\/pdt-rj.org.br\/index.php\/wp-json\/wp\/v2\/types\/post"}],"author":[{"embeddable":true,"href":"https:\/\/pdt-rj.org.br\/index.php\/wp-json\/wp\/v2\/users\/17"}],"replies":[{"embeddable":true,"href":"https:\/\/pdt-rj.org.br\/index.php\/wp-json\/wp\/v2\/comments?post=83695"}],"version-history":[{"count":3,"href":"https:\/\/pdt-rj.org.br\/index.php\/wp-json\/wp\/v2\/posts\/83695\/revisions"}],"predecessor-version":[{"id":83704,"href":"https:\/\/pdt-rj.org.br\/index.php\/wp-json\/wp\/v2\/posts\/83695\/revisions\/83704"}],"wp:featuredmedia":[{"embeddable":true,"href":"https:\/\/pdt-rj.org.br\/index.php\/wp-json\/wp\/v2\/media\/83699"}],"wp:attachment":[{"href":"https:\/\/pdt-rj.org.br\/index.php\/wp-json\/wp\/v2\/media?parent=83695"}],"wp:term":[{"taxonomy":"category","embeddable":true,"href":"https:\/\/pdt-rj.org.br\/index.php\/wp-json\/wp\/v2\/categories?post=83695"},{"taxonomy":"post_tag","embeddable":true,"href":"https:\/\/pdt-rj.org.br\/index.php\/wp-json\/wp\/v2\/tags?post=83695"}],"curies":[{"name":"wp","href":"https:\/\/api.w.org\/{rel}","templated":true}]}}