{"id":83668,"date":"2022-09-27T22:02:07","date_gmt":"2022-09-28T01:02:07","guid":{"rendered":"https:\/\/pdt-rj.org.br\/?p=83668"},"modified":"2022-09-28T22:25:50","modified_gmt":"2022-09-29T01:25:50","slug":"rodrigo-neves-garante-ampliacao-do-transporte-publico","status":"publish","type":"post","link":"https:\/\/pdt-rj.org.br\/index.php\/rodrigo-neves-garante-ampliacao-do-transporte-publico\/","title":{"rendered":"Rodrigo Neves garante amplia\u00e7\u00e3o do transporte p\u00fablico"},"content":{"rendered":"<p style=\"font-weight: 400;\"><strong>Durante encontro com eleitores em Niter\u00f3i, candidato a governador falou sobre melhorias nas barcas, trens e metr\u00f4<\/strong><\/p>\n<p style=\"font-weight: 400;\"><span data-originalfontsize=\"12pt\" data-originalcomputedfontsize=\"16\">No in\u00edcio da tarde desta ter\u00e7a-feira (26), o candidato a governador pelo PDT, Rodrigo Neves, participou de um encontro com eleitores na Pra\u00e7a Arariboia, no Centro de Niter\u00f3i. Em frente \u00e0 esta\u00e7\u00e3o das barcas que cruzam a Ba\u00eda de Guanabara, o ex-prefeito de Niter\u00f3i falou sobre suas propostas para melhorar o sistema de transportes p\u00fablicos do estado.<\/span><\/p>\n<p style=\"font-weight: 400;\"><span data-originalfontsize=\"12pt\" data-originalcomputedfontsize=\"16\">\u201c\u00c9 impressionante o descaso do atual governo do estado com o sistema de barcas e de modo geral com o sistema de transportes do Rio de Janeiro. N\u00f3s vamos melhorar o servi\u00e7o das barcas aqui em Niter\u00f3i, tanto aqui na Esta\u00e7\u00e3o Arariboia quanto na esta\u00e7\u00e3o de catamar\u00e3s, em Charitas, que est\u00e1 abandonada e tem um pre\u00e7o muito elevado; vamos melhorar a esta\u00e7\u00e3o de Cocot\u00e1, na Ilha do Governador, e tamb\u00e9m a esta\u00e7\u00e3o da Ilha de Paquet\u00e1\u201d, garantiu Rodrigo Neves.<\/span><\/p>\n<p style=\"font-weight: 400;\"><span data-originalfontsize=\"12pt\" data-originalcomputedfontsize=\"16\">Ao falar sobre as possibilidades de melhoria e amplia\u00e7\u00e3o do transporte sobre trilhos, Rodrigo Neves apresentou propostas para melhorar a opera\u00e7\u00e3o da Supervia e do metr\u00f4.<br \/>\n<\/span><\/p>\n<p style=\"font-weight: 400;\"><span data-originalfontsize=\"12pt\" data-originalcomputedfontsize=\"16\">\u201cVamos moralizar os servi\u00e7os da Supervia garantindo o retorno dos trens expressos nos ramais de Japeri e Santa Cruz, visando melhorar a qualidade do transporte e reduzir o tempo em tr\u00e2nsito dos trabalhadores da Zona Oeste e da Baixada, entre outras medidas que adotaremos para melhorar as esta\u00e7\u00f5es, como a instala\u00e7\u00e3o de banheiros e a garantia de seguran\u00e7a para que n\u00e3o tenhamos mais que conviver com o roubo de fios que causam interrup\u00e7\u00f5es nos servi\u00e7os\u201d, comentou.\u00a0<\/span><\/p>\n<p style=\"font-weight: 400;\"><span data-originalfontsize=\"12pt\" data-originalcomputedfontsize=\"16\">Rodrigo Neves tamb\u00e9m explicou a viabilidade or\u00e7ament\u00e1ria de sua proposta para a constru\u00e7\u00e3o da Linha 3 do metr\u00f4, que ligar\u00e1 o Leste Fluminense \u00e0 capital, passando por Itabora\u00ed, S\u00e3o Gon\u00e7alo e Niter\u00f3i at\u00e9 o Centro do Rio, por baixo da Ba\u00eda de Guanabara.<\/span><\/p>\n<p style=\"font-weight: 400;\"><span data-originalfontsize=\"12pt\" data-originalcomputedfontsize=\"16\">\u201cH\u00e1 30 anos, quando se falava da Linha 3 do metr\u00f4, o mundo vivia um boom em investimentos em metr\u00f4. Esse boom j\u00e1 passou e hoje o pre\u00e7o de execu\u00e7\u00e3o desta obra \u00e9 muito mais vi\u00e1vel e cabe dentro do planejamento do estado do Rio de Janeiro. O or\u00e7amento p\u00fablico do nosso estado \u00e9 de R$ 93 bilh\u00f5es, vivemos em um estado rico, o que falta \u00e9 boa gest\u00e3o, planejamento e compromisso com o povo. N\u00f3s sabemos tirar obras e projetos do papel, e vamos tirar a Linha 3 do papel, para melhorar a qualidade de vida do povo de Itabora\u00ed, S\u00e3o Gon\u00e7alo e Niter\u00f3i, que hoje sofre com os engarrafamentos na ponte Rio-Niter\u00f3i\u201d, afirmou o candidato.<\/span><\/p>\n<!-- AddThis Advanced Settings generic via filter on the_content --><!-- AddThis Share Buttons generic via filter on the_content -->","protected":false},"excerpt":{"rendered":"<p>Durante encontro com eleitores em Niter\u00f3i, candidato a governador falou sobre melhorias nas barcas, trens e metr\u00f4 No in\u00edcio da tarde desta ter\u00e7a-feira (26), o candidato a governador pelo PDT, Rodrigo Neves, participou de um encontro com eleitores na Pra\u00e7a Arariboia, no Centro de Niter\u00f3i. Em frente \u00e0 esta\u00e7\u00e3o das barcas que cruzam a Ba\u00eda&#8230;<!-- AddThis Advanced Settings generic via filter on wp_trim_excerpt --><!-- AddThis Share Buttons generic via filter on wp_trim_excerpt --><\/p>\n","protected":false},"author":17,"featured_media":83669,"comment_status":"closed","ping_status":"closed","sticky":false,"template":"","format":"standard","meta":{"_monsterinsights_skip_tracking":false,"_monsterinsights_sitenote_active":false,"_monsterinsights_sitenote_note":"","_monsterinsights_sitenote_category":0,"_uf_show_specific_survey":0,"_uf_disable_surveys":false,"footnotes":""},"categories":[1390,5414,5415],"tags":[],"class_list":["post-83668","post","type-post","status-publish","format-standard","has-post-thumbnail","hentry","category-editorias","category-estado","category-rodrigo-neves"],"acf":[],"_links":{"self":[{"href":"https:\/\/pdt-rj.org.br\/index.php\/wp-json\/wp\/v2\/posts\/83668","targetHints":{"allow":["GET"]}}],"collection":[{"href":"https:\/\/pdt-rj.org.br\/index.php\/wp-json\/wp\/v2\/posts"}],"about":[{"href":"https:\/\/pdt-rj.org.br\/index.php\/wp-json\/wp\/v2\/types\/post"}],"author":[{"embeddable":true,"href":"https:\/\/pdt-rj.org.br\/index.php\/wp-json\/wp\/v2\/users\/17"}],"replies":[{"embeddable":true,"href":"https:\/\/pdt-rj.org.br\/index.php\/wp-json\/wp\/v2\/comments?post=83668"}],"version-history":[{"count":2,"href":"https:\/\/pdt-rj.org.br\/index.php\/wp-json\/wp\/v2\/posts\/83668\/revisions"}],"predecessor-version":[{"id":83706,"href":"https:\/\/pdt-rj.org.br\/index.php\/wp-json\/wp\/v2\/posts\/83668\/revisions\/83706"}],"wp:featuredmedia":[{"embeddable":true,"href":"https:\/\/pdt-rj.org.br\/index.php\/wp-json\/wp\/v2\/media\/83669"}],"wp:attachment":[{"href":"https:\/\/pdt-rj.org.br\/index.php\/wp-json\/wp\/v2\/media?parent=83668"}],"wp:term":[{"taxonomy":"category","embeddable":true,"href":"https:\/\/pdt-rj.org.br\/index.php\/wp-json\/wp\/v2\/categories?post=83668"},{"taxonomy":"post_tag","embeddable":true,"href":"https:\/\/pdt-rj.org.br\/index.php\/wp-json\/wp\/v2\/tags?post=83668"}],"curies":[{"name":"wp","href":"https:\/\/api.w.org\/{rel}","templated":true}]}}