{"id":83663,"date":"2022-09-27T18:55:51","date_gmt":"2022-09-27T21:55:51","guid":{"rendered":"https:\/\/pdt-rj.org.br\/?p=83663"},"modified":"2022-10-11T21:43:28","modified_gmt":"2022-10-12T00:43:28","slug":"ciro-gomes-e-atacado-por-enfrentar-o-sistema-financeiro-afirma-lupi","status":"publish","type":"post","link":"https:\/\/pdt-rj.org.br\/index.php\/ciro-gomes-e-atacado-por-enfrentar-o-sistema-financeiro-afirma-lupi\/","title":{"rendered":"\u201cCiro Gomes \u00e9 atacado por enfrentar o sistema financeiro\u201d, afirma Lupi"},"content":{"rendered":"<p dir=\"auto\"><strong>Presidente nacional do PDT participa de ato de filia\u00e7\u00e3o coletiva na sede da Funda\u00e7\u00e3o, na capital do RJ<\/strong><\/p>\n<p dir=\"auto\"><span data-removefontsize=\"true\" data-originalcomputedfontsize=\"17\">\u201cCiro Gomes \u00e9 atacado por enfretar o sistema financeiro\u201d, avaliou o presidente nacional do PDT, Carlos Lupi, durante ato de filia\u00e7\u00e3o coletiva nesta ter\u00e7a-feira (27), na sede da Funda\u00e7\u00e3o Leonel Brizola \u2013 Alberto Pasqualini (FLB-AP), no Centro do Rio de Janeiro (RJ). Para a lideran\u00e7a trabalhista, \u201co partido reafirma seus princ\u00edpios e ideias em um Brasil que est\u00e1 indo pelo ralo\u201d.<\/span><\/p>\n<p><span data-removefontsize=\"true\" data-originalcomputedfontsize=\"17\">Ao garantir que a sigla est\u00e1 \u201cem uma mobiliza\u00e7\u00e3o baseada em causas\u201d, Lupi exaltou o legado oriundo de \u00edcones como Get\u00falio Vargas e Leonel Brizola.<\/span><\/p>\n<p><span data-removefontsize=\"true\" data-originalcomputedfontsize=\"17\">\u201cA gente vai continuar na luta popular do Trabalhismo. O que d\u00e1 a vit\u00f3ria n\u00e3o \u00e9 s\u00f3 o n\u00famero de votos, mas tamb\u00e9m o fortalecimento de um projeto hist\u00f3rico, coerente e transformador para o pa\u00eds\u201d, afirmou.\u00a0<\/span><\/p>\n<p dir=\"auto\"><span data-removefontsize=\"true\" data-originalcomputedfontsize=\"17\">\u201cSeguiremos firmes buscando a uni\u00e3o do povo com a na\u00e7\u00e3o para viabilizar o desenvolvimento econ\u00f4mico com justi\u00e7a social\u201d, completou.\u00a0<\/span><\/p>\n<!-- AddThis Advanced Settings generic via filter on the_content --><!-- AddThis Share Buttons generic via filter on the_content -->","protected":false},"excerpt":{"rendered":"<p>Presidente nacional do PDT participa de ato de filia\u00e7\u00e3o coletiva na sede da Funda\u00e7\u00e3o, na capital do RJ \u201cCiro Gomes \u00e9 atacado por enfretar o sistema financeiro\u201d, avaliou o presidente nacional do PDT, Carlos Lupi, durante ato de filia\u00e7\u00e3o coletiva nesta ter\u00e7a-feira (27), na sede da Funda\u00e7\u00e3o Leonel Brizola \u2013 Alberto Pasqualini (FLB-AP), no Centro&#8230;<!-- AddThis Advanced Settings generic via filter on wp_trim_excerpt --><!-- AddThis Share Buttons generic via filter on wp_trim_excerpt --><\/p>\n","protected":false},"author":17,"featured_media":83666,"comment_status":"closed","ping_status":"closed","sticky":false,"template":"","format":"standard","meta":{"_monsterinsights_skip_tracking":false,"_monsterinsights_sitenote_active":false,"_monsterinsights_sitenote_note":"","_monsterinsights_sitenote_category":0,"_uf_show_specific_survey":0,"_uf_disable_surveys":false,"footnotes":""},"categories":[1390,5417,5416,1401],"tags":[],"class_list":["post-83663","post","type-post","status-publish","format-standard","has-post-thumbnail","hentry","category-editorias","category-carlos-lupi","category-ciro-gomes","category-nacional"],"acf":[],"_links":{"self":[{"href":"https:\/\/pdt-rj.org.br\/index.php\/wp-json\/wp\/v2\/posts\/83663","targetHints":{"allow":["GET"]}}],"collection":[{"href":"https:\/\/pdt-rj.org.br\/index.php\/wp-json\/wp\/v2\/posts"}],"about":[{"href":"https:\/\/pdt-rj.org.br\/index.php\/wp-json\/wp\/v2\/types\/post"}],"author":[{"embeddable":true,"href":"https:\/\/pdt-rj.org.br\/index.php\/wp-json\/wp\/v2\/users\/17"}],"replies":[{"embeddable":true,"href":"https:\/\/pdt-rj.org.br\/index.php\/wp-json\/wp\/v2\/comments?post=83663"}],"version-history":[{"count":3,"href":"https:\/\/pdt-rj.org.br\/index.php\/wp-json\/wp\/v2\/posts\/83663\/revisions"}],"predecessor-version":[{"id":83705,"href":"https:\/\/pdt-rj.org.br\/index.php\/wp-json\/wp\/v2\/posts\/83663\/revisions\/83705"}],"wp:featuredmedia":[{"embeddable":true,"href":"https:\/\/pdt-rj.org.br\/index.php\/wp-json\/wp\/v2\/media\/83666"}],"wp:attachment":[{"href":"https:\/\/pdt-rj.org.br\/index.php\/wp-json\/wp\/v2\/media?parent=83663"}],"wp:term":[{"taxonomy":"category","embeddable":true,"href":"https:\/\/pdt-rj.org.br\/index.php\/wp-json\/wp\/v2\/categories?post=83663"},{"taxonomy":"post_tag","embeddable":true,"href":"https:\/\/pdt-rj.org.br\/index.php\/wp-json\/wp\/v2\/tags?post=83663"}],"curies":[{"name":"wp","href":"https:\/\/api.w.org\/{rel}","templated":true}]}}