{"id":83650,"date":"2022-09-26T21:02:30","date_gmt":"2022-09-27T00:02:30","guid":{"rendered":"https:\/\/pdt-rj.org.br\/?p=83650"},"modified":"2022-09-27T22:12:13","modified_gmt":"2022-09-28T01:12:13","slug":"rodrigo-neves-classifica-acao-policial-na-linha-vermelha-como-tragedia","status":"publish","type":"post","link":"https:\/\/pdt-rj.org.br\/index.php\/rodrigo-neves-classifica-acao-policial-na-linha-vermelha-como-tragedia\/","title":{"rendered":"Rodrigo Neves classifica a\u00e7\u00e3o policial na Linha Vermelha como \u201ctrag\u00e9dia\u201d"},"content":{"rendered":"<p style=\"font-weight: 400;\"><strong>Candidato afirma que \u00e9 preciso investir em intelig\u00eancia para acabar com opera\u00e7\u00f5es \u201cimprovisadas\u201d<\/strong><\/p>\n<p style=\"font-weight: 400;\"><span data-originalfontsize=\"12pt\" data-originalcomputedfontsize=\"16\">A opera\u00e7\u00e3o policial que levou p\u00e2nico \u00e0 Linha Vermelha na manh\u00e3 desta segunda-feira, 26, foi duramente criticada pelo candidato ao governo do Estado, Rodrigo Neves. O tiroteio levou terror \u00e0 via expressa, que \u00e9 uma das principais do Rio, interligando o Aeroporto Internacional, a Baixada Fluminense e o centro da capital. Motoristas tentavam voltar dando marcha \u00e0 r\u00e9 e outros se jogaram no ch\u00e3o para escapar dos tiros.<\/span><\/p>\n<p style=\"font-weight: 400;\"><span data-originalfontsize=\"12pt\" data-originalcomputedfontsize=\"16\">\u201c\u00c9 fundamental investir imediatamente em intelig\u00eancia e planejamento para acabar com a\u00e7\u00f5es deste tipo. O que aconteceu hoje e que tem se repetido ao longo dos anos <\/span><span data-originalfontsize=\"12pt\" data-originalcomputedfontsize=\"16\">\u00e9 <\/span><span data-originalfontsize=\"12pt\" data-originalcomputedfontsize=\"16\">uma trag<\/span><span data-originalfontsize=\"12pt\" data-originalcomputedfontsize=\"16\">\u00e9<\/span><span data-originalfontsize=\"12pt\" data-originalcomputedfontsize=\"16\">dia. Nunca foi t\u00e3o duro viver no Rio de Janeiro. Vamos fazer um choque de gest\u00e3o para que a prioridade seja o policiamento com uma pol\u00edcia bem treinada, em vez de fazer essas opera\u00e7\u00f5es improvisadas nas favelas, que s\u00f3 t\u00eam causado chacinas e mortes, inclusive de policiais, de inocentes, de crian\u00e7as. \u00c9 preciso enfrentar o crime com tenacidade, firmeza e investindo em Intelig\u00eancia\u201d, afirmou Rodrigo Neves.<\/span><\/p>\n<p style=\"font-weight: 400;\"><span data-originalfontsize=\"12pt\" data-originalcomputedfontsize=\"16\">\u00c0 tarde, o pedetista realizou carreata que passou por dez bairros de S\u00e3o Gon\u00e7alo, iniciada no Coluband\u00ea, em frente ao terreno onde est\u00e1 a obra abandonada do Hospital da Mulher. No local, o pedetista falou sobre seus planos para melhorar os servi\u00e7os p\u00fablicos de Sa\u00fade no estado do Rio de Janeiro.<\/span><\/p>\n<p style=\"font-weight: 400;\"><span data-originalfontsize=\"12pt\" data-originalcomputedfontsize=\"16\">\u201cAqui, neste local abandonado, vamos implantar o Hospital da M\u00e3e, para S\u00e3o Gon\u00e7alo e toda a regi\u00e3o. Vamos contratar mais m<\/span><span data-originalfontsize=\"12pt\" data-originalcomputedfontsize=\"16\">\u00e9<\/span><span data-originalfontsize=\"12pt\" data-originalcomputedfontsize=\"16\">dicos especialistas para reduzir o tempo de espera das pessoas nas UPAs e nos hospitais do Estado\u201d, detalhou o candidato, afirmando que levar\u00e1 o programa Sa\u00fade da Fam\u00edlia para todo o Estado, conforme realizou em Niter\u00f3i, cidade onde foi prefeito por oito anos e onde toda a popula\u00e7\u00e3o pobre \u00e9 atendida por m\u00e9dicos do SUS em medicina preventiva e aten\u00e7\u00e3o \u00e0 sa\u00fade.<\/span><\/p>\n<!-- AddThis Advanced Settings generic via filter on the_content --><!-- AddThis Share Buttons generic via filter on the_content -->","protected":false},"excerpt":{"rendered":"<p>Candidato afirma que \u00e9 preciso investir em intelig\u00eancia para acabar com opera\u00e7\u00f5es \u201cimprovisadas\u201d A opera\u00e7\u00e3o policial que levou p\u00e2nico \u00e0 Linha Vermelha na manh\u00e3 desta segunda-feira, 26, foi duramente criticada pelo candidato ao governo do Estado, Rodrigo Neves. O tiroteio levou terror \u00e0 via expressa, que \u00e9 uma das principais do Rio, interligando o Aeroporto&#8230;<!-- AddThis Advanced Settings generic via filter on wp_trim_excerpt --><!-- AddThis Share Buttons generic via filter on wp_trim_excerpt --><\/p>\n","protected":false},"author":17,"featured_media":83660,"comment_status":"closed","ping_status":"closed","sticky":false,"template":"","format":"standard","meta":{"_monsterinsights_skip_tracking":false,"_monsterinsights_sitenote_active":false,"_monsterinsights_sitenote_note":"","_monsterinsights_sitenote_category":0,"_uf_show_specific_survey":0,"_uf_disable_surveys":false,"footnotes":""},"categories":[1390,5414,5415],"tags":[],"class_list":["post-83650","post","type-post","status-publish","format-standard","has-post-thumbnail","hentry","category-editorias","category-estado","category-rodrigo-neves"],"acf":[],"_links":{"self":[{"href":"https:\/\/pdt-rj.org.br\/index.php\/wp-json\/wp\/v2\/posts\/83650","targetHints":{"allow":["GET"]}}],"collection":[{"href":"https:\/\/pdt-rj.org.br\/index.php\/wp-json\/wp\/v2\/posts"}],"about":[{"href":"https:\/\/pdt-rj.org.br\/index.php\/wp-json\/wp\/v2\/types\/post"}],"author":[{"embeddable":true,"href":"https:\/\/pdt-rj.org.br\/index.php\/wp-json\/wp\/v2\/users\/17"}],"replies":[{"embeddable":true,"href":"https:\/\/pdt-rj.org.br\/index.php\/wp-json\/wp\/v2\/comments?post=83650"}],"version-history":[{"count":4,"href":"https:\/\/pdt-rj.org.br\/index.php\/wp-json\/wp\/v2\/posts\/83650\/revisions"}],"predecessor-version":[{"id":83671,"href":"https:\/\/pdt-rj.org.br\/index.php\/wp-json\/wp\/v2\/posts\/83650\/revisions\/83671"}],"wp:featuredmedia":[{"embeddable":true,"href":"https:\/\/pdt-rj.org.br\/index.php\/wp-json\/wp\/v2\/media\/83660"}],"wp:attachment":[{"href":"https:\/\/pdt-rj.org.br\/index.php\/wp-json\/wp\/v2\/media?parent=83650"}],"wp:term":[{"taxonomy":"category","embeddable":true,"href":"https:\/\/pdt-rj.org.br\/index.php\/wp-json\/wp\/v2\/categories?post=83650"},{"taxonomy":"post_tag","embeddable":true,"href":"https:\/\/pdt-rj.org.br\/index.php\/wp-json\/wp\/v2\/tags?post=83650"}],"curies":[{"name":"wp","href":"https:\/\/api.w.org\/{rel}","templated":true}]}}