{"id":83621,"date":"2022-09-22T19:18:47","date_gmt":"2022-09-22T22:18:47","guid":{"rendered":"https:\/\/pdt-rj.org.br\/?p=83621"},"modified":"2022-09-26T21:34:01","modified_gmt":"2022-09-27T00:34:01","slug":"rodrigo-neves-aponta-solucoes-para-problemas-dos-trens-urbanos","status":"publish","type":"post","link":"https:\/\/pdt-rj.org.br\/index.php\/rodrigo-neves-aponta-solucoes-para-problemas-dos-trens-urbanos\/","title":{"rendered":"Rodrigo Neves aponta solu\u00e7\u00f5es para problemas dos trens urbanos"},"content":{"rendered":"<p style=\"font-weight: 400;\"><strong>Em Campo Grande, candidato a governador visita esta\u00e7\u00e3o da Supervia e diz que retomada dos trens expressos, seguran\u00e7a nas esta\u00e7\u00f5es e garantia de acessibilidade s\u00e3o medidas urgentes<\/strong><\/p>\n<p style=\"font-weight: 400;\" data-originalfontsize=\"11pt\" data-originalcomputedfontsize=\"14.666667\">Em frente \u00e0 esta\u00e7\u00e3o de trem de Campo Grande, na Zona Oeste do Rio, na tarde desta quinta-feira, 22, o candidato a governador do estado do Rio de Janeiro pelo PDT, Rodrigo Neves, criticou o abandono da malha ferrovi\u00e1ria e apontou solu\u00e7\u00f5es para resolver os graves problemas do sistema.<\/p>\n<p style=\"font-weight: 400;\" data-originalfontsize=\"11pt\" data-originalcomputedfontsize=\"14.666667\">\u201cVamos acabar com o descaso da Supervia e do governo do Estado com a popula\u00e7\u00e3o da Zona Oeste, da Baixada Fluminense e do sub\u00farbio do Rio. Vamos retomar os trens expressos nos ramais de Santa Cruz e Japeri em todos os hor\u00e1rios, vamos garantir banheiros nas esta\u00e7\u00f5es e melhorar as plataformas com acessibilidade para idosos e pessoas com defici\u00eancia\u201d, afirmou o candidato.<\/p>\n<p style=\"font-weight: 400;\" data-originalfontsize=\"11pt\" data-originalcomputedfontsize=\"14.666667\">O pedetista tamb\u00e9m abordou a quest\u00e3o da seguran\u00e7a nas esta\u00e7\u00f5es e ao longo da via f\u00e9rrea e n\u00e3o descartou a possibilidade de encampar a Supervia, ou seja, retomar temporariamente a concess\u00e3o para a gest\u00e3o direta do Estado, com a finalidade de garantir melhorias no servi\u00e7o.<\/p>\n<p style=\"font-weight: 400;\" data-originalfontsize=\"11pt\" data-originalcomputedfontsize=\"14.666667\">\u201cVamos garantir a seguran\u00e7a, que \u00e9 uma tarefa b\u00e1sica do Estado, para que n\u00e3o haja mais roubo da fia\u00e7\u00e3o dos trens, rotina que faz o povo sofrer com a constante paralisa\u00e7\u00e3o do servi\u00e7o. O bom funcionamento do transporte p\u00fablico \u00e9 necess\u00e1rio para que possamos interligar a Regi\u00e3o Metropolitana por trens, metr\u00f4, \u00f4nibus e barcas\u201d, afirmou Rodrigo Neves.<\/p>\n<!-- AddThis Advanced Settings generic via filter on the_content --><!-- AddThis Share Buttons generic via filter on the_content -->","protected":false},"excerpt":{"rendered":"<p>Em Campo Grande, candidato a governador visita esta\u00e7\u00e3o da Supervia e diz que retomada dos trens expressos, seguran\u00e7a nas esta\u00e7\u00f5es e garantia de acessibilidade s\u00e3o medidas urgentes Em frente \u00e0 esta\u00e7\u00e3o de trem de Campo Grande, na Zona Oeste do Rio, na tarde desta quinta-feira, 22, o candidato a governador do estado do Rio de&#8230;<!-- AddThis Advanced Settings generic via filter on wp_trim_excerpt --><!-- AddThis Share Buttons generic via filter on wp_trim_excerpt --><\/p>\n","protected":false},"author":17,"featured_media":83626,"comment_status":"closed","ping_status":"closed","sticky":false,"template":"","format":"standard","meta":{"_monsterinsights_skip_tracking":false,"_monsterinsights_sitenote_active":false,"_monsterinsights_sitenote_note":"","_monsterinsights_sitenote_category":0,"_uf_show_specific_survey":0,"_uf_disable_surveys":false,"footnotes":""},"categories":[1390,5414,5415],"tags":[],"class_list":["post-83621","post","type-post","status-publish","format-standard","has-post-thumbnail","hentry","category-editorias","category-estado","category-rodrigo-neves"],"acf":[],"_links":{"self":[{"href":"https:\/\/pdt-rj.org.br\/index.php\/wp-json\/wp\/v2\/posts\/83621","targetHints":{"allow":["GET"]}}],"collection":[{"href":"https:\/\/pdt-rj.org.br\/index.php\/wp-json\/wp\/v2\/posts"}],"about":[{"href":"https:\/\/pdt-rj.org.br\/index.php\/wp-json\/wp\/v2\/types\/post"}],"author":[{"embeddable":true,"href":"https:\/\/pdt-rj.org.br\/index.php\/wp-json\/wp\/v2\/users\/17"}],"replies":[{"embeddable":true,"href":"https:\/\/pdt-rj.org.br\/index.php\/wp-json\/wp\/v2\/comments?post=83621"}],"version-history":[{"count":2,"href":"https:\/\/pdt-rj.org.br\/index.php\/wp-json\/wp\/v2\/posts\/83621\/revisions"}],"predecessor-version":[{"id":83659,"href":"https:\/\/pdt-rj.org.br\/index.php\/wp-json\/wp\/v2\/posts\/83621\/revisions\/83659"}],"wp:featuredmedia":[{"embeddable":true,"href":"https:\/\/pdt-rj.org.br\/index.php\/wp-json\/wp\/v2\/media\/83626"}],"wp:attachment":[{"href":"https:\/\/pdt-rj.org.br\/index.php\/wp-json\/wp\/v2\/media?parent=83621"}],"wp:term":[{"taxonomy":"category","embeddable":true,"href":"https:\/\/pdt-rj.org.br\/index.php\/wp-json\/wp\/v2\/categories?post=83621"},{"taxonomy":"post_tag","embeddable":true,"href":"https:\/\/pdt-rj.org.br\/index.php\/wp-json\/wp\/v2\/tags?post=83621"}],"curies":[{"name":"wp","href":"https:\/\/api.w.org\/{rel}","templated":true}]}}