{"id":83615,"date":"2022-09-21T19:42:29","date_gmt":"2022-09-21T22:42:29","guid":{"rendered":"https:\/\/pdt-rj.org.br\/?p=83615"},"modified":"2022-09-27T19:34:11","modified_gmt":"2022-09-27T22:34:11","slug":"em-ciep-abandonado-de-sao-goncalo-rodrigo-neves-diz-que-vai-reabrir-unidades","status":"publish","type":"post","link":"https:\/\/pdt-rj.org.br\/index.php\/em-ciep-abandonado-de-sao-goncalo-rodrigo-neves-diz-que-vai-reabrir-unidades\/","title":{"rendered":"Em Ciep abandonado de S\u00e3o Gon\u00e7alo, Rodrigo Neves diz que vai reabrir unidades"},"content":{"rendered":"<p style=\"font-weight: 400;\"><strong>Candidato ao governo do Estado detalhou projetos na \u00e1rea de Educa\u00e7\u00e3o <\/strong><\/p>\n<p style=\"font-weight: 400;\" data-originalfontsize=\"11pt\" data-originalcomputedfontsize=\"14.666667\">Em frente a um Ciep abandonado, no Port\u00e3o do Rosa, em S\u00e3o Gon\u00e7alo, o candidato ao governo do Estado pelo PDT, Rodrigo Neves, falou sobre a import\u00e2ncia de valorizar a Educa\u00e7\u00e3o e a necessidade de se investir na pasta.<\/p>\n<p style=\"font-weight: 400;\" data-originalfontsize=\"11pt\" data-originalcomputedfontsize=\"14.666667\">Ao lado do ex-secret\u00e1rio municipal de Educa\u00e7\u00e3o do munic\u00edpio do Rio de Janeiro Renan Ferreirinha e do ex-ministro do Trabalho Brizola Neto, com quem participou de carreata pelos bairros de Jardim Catarina e Santa Luzia, o pedetista reafirmou o compromisso de reabrir os \u201cbrizol\u00f5es\u201d em todo o estado.<\/p>\n<p style=\"font-weight: 400;\" data-originalfontsize=\"11pt\" data-originalcomputedfontsize=\"14.666667\">\u201cVamos recuperar todos os Cieps que est\u00e3o abandonados no estado do Rio e garantir ensino em tempo integral para toda nossa juventude\u201d, afirmou.<\/p>\n<p style=\"font-weight: 400;\"><span data-originalfontsize=\"11pt\" data-originalcomputedfontsize=\"14.666667\">Rodrigo Neves tamb\u00e9m destacou a import\u00e2ncia do ensino profissionalizante e das creches em tempo integral.<br \/>\n<\/span><\/p>\n<p style=\"font-weight: 400;\"><span data-originalfontsize=\"11pt\" data-originalcomputedfontsize=\"14.666667\">\u201cVamos dobrar o investimento em ensino t\u00e9cnico e profissionalizante, levando grandes escolas t\u00e9cnicas para a Baixada Fluminense, para a Zona Oeste, para o interior e tamb\u00e9m aqui para S\u00e3o Gon\u00e7alo. E vamos fazer uma parceria com os munic\u00edpios para garantir que todas as crian\u00e7as estejam em creche em hor\u00e1rio integral. \u00c9 importante para as crian\u00e7as, mas tamb\u00e9m \u00e9 importante para as m\u00e3es trabalhadoras, que precisam garantir seus empregos\u201d, explicou Rodrigo Neves.<\/span><\/p>\n<!-- AddThis Advanced Settings generic via filter on the_content --><!-- AddThis Share Buttons generic via filter on the_content -->","protected":false},"excerpt":{"rendered":"<p>Candidato ao governo do Estado detalhou projetos na \u00e1rea de Educa\u00e7\u00e3o Em frente a um Ciep abandonado, no Port\u00e3o do Rosa, em S\u00e3o Gon\u00e7alo, o candidato ao governo do Estado pelo PDT, Rodrigo Neves, falou sobre a import\u00e2ncia de valorizar a Educa\u00e7\u00e3o e a necessidade de se investir na pasta. Ao lado do ex-secret\u00e1rio municipal&#8230;<!-- AddThis Advanced Settings generic via filter on wp_trim_excerpt --><!-- AddThis Share Buttons generic via filter on wp_trim_excerpt --><\/p>\n","protected":false},"author":17,"featured_media":83618,"comment_status":"closed","ping_status":"closed","sticky":false,"template":"","format":"standard","meta":{"_monsterinsights_skip_tracking":false,"_monsterinsights_sitenote_active":false,"_monsterinsights_sitenote_note":"","_monsterinsights_sitenote_category":0,"_uf_show_specific_survey":0,"_uf_disable_surveys":false,"footnotes":""},"categories":[1390,5414,5415],"tags":[],"class_list":["post-83615","post","type-post","status-publish","format-standard","has-post-thumbnail","hentry","category-editorias","category-estado","category-rodrigo-neves"],"acf":[],"_links":{"self":[{"href":"https:\/\/pdt-rj.org.br\/index.php\/wp-json\/wp\/v2\/posts\/83615","targetHints":{"allow":["GET"]}}],"collection":[{"href":"https:\/\/pdt-rj.org.br\/index.php\/wp-json\/wp\/v2\/posts"}],"about":[{"href":"https:\/\/pdt-rj.org.br\/index.php\/wp-json\/wp\/v2\/types\/post"}],"author":[{"embeddable":true,"href":"https:\/\/pdt-rj.org.br\/index.php\/wp-json\/wp\/v2\/users\/17"}],"replies":[{"embeddable":true,"href":"https:\/\/pdt-rj.org.br\/index.php\/wp-json\/wp\/v2\/comments?post=83615"}],"version-history":[{"count":3,"href":"https:\/\/pdt-rj.org.br\/index.php\/wp-json\/wp\/v2\/posts\/83615\/revisions"}],"predecessor-version":[{"id":83648,"href":"https:\/\/pdt-rj.org.br\/index.php\/wp-json\/wp\/v2\/posts\/83615\/revisions\/83648"}],"wp:featuredmedia":[{"embeddable":true,"href":"https:\/\/pdt-rj.org.br\/index.php\/wp-json\/wp\/v2\/media\/83618"}],"wp:attachment":[{"href":"https:\/\/pdt-rj.org.br\/index.php\/wp-json\/wp\/v2\/media?parent=83615"}],"wp:term":[{"taxonomy":"category","embeddable":true,"href":"https:\/\/pdt-rj.org.br\/index.php\/wp-json\/wp\/v2\/categories?post=83615"},{"taxonomy":"post_tag","embeddable":true,"href":"https:\/\/pdt-rj.org.br\/index.php\/wp-json\/wp\/v2\/tags?post=83615"}],"curies":[{"name":"wp","href":"https:\/\/api.w.org\/{rel}","templated":true}]}}