{"id":83609,"date":"2022-09-20T21:01:42","date_gmt":"2022-09-21T00:01:42","guid":{"rendered":"https:\/\/pdt-rj.org.br\/?p=83609"},"modified":"2022-09-24T20:17:20","modified_gmt":"2022-09-24T23:17:20","slug":"na-tijuca-violencia-urbana-e-principal-preocupacao-de-moradores-e-comerciantes","status":"publish","type":"post","link":"https:\/\/pdt-rj.org.br\/index.php\/na-tijuca-violencia-urbana-e-principal-preocupacao-de-moradores-e-comerciantes\/","title":{"rendered":"Na Tijuca, viol\u00eancia urbana \u00e9 principal preocupa\u00e7\u00e3o de moradores e comerciantes"},"content":{"rendered":"<p style=\"font-weight: 400;\"><strong>Rodrigo Neves caminhou na Saens Pe\u00f1a e falou sobre o refor\u00e7o no policiamento ostensivo e nos Centros Integrados de Seguran\u00e7a P\u00fablica<\/strong><\/p>\n<p style=\"font-weight: 400;\" data-originalfontsize=\"11pt\" data-originalcomputedfontsize=\"14.666667\">Problema cr\u00f4nico no Rio de Janeiro, a viol\u00eancia urbana foi o principal tema abordado pelo candidato a governador do Rio de Janeiro pelo PDT, Rodrigo Neves, na tarde desta ter\u00e7a-feira, 20, durante caminhada na Tijuca, Zona Norte do Rio. Acompanhado da delegada e deputada estadual Martha Rocha, e do delegado Orlando Zaccone, candidato a deputado federal, ele falou sobre suas propostas.<\/p>\n<p style=\"font-weight: 400;\" data-originalfontsize=\"11pt\" data-originalcomputedfontsize=\"14.666667\">\u201cA Tijuca \u00e9 um bairro tradicional do Rio, um bairro de classe m\u00e9dia, e vem sofrendo com a viol\u00eancia urbana. Minha prioridade vai ser colocar uma pol\u00edcia bem treinada, com policiamento ostensivo nas ruas, porque atualmente n\u00e3o h\u00e1 lugar e hor\u00e1rio para assalto na cidade do Rio e na Regi\u00e3o Metropolitana: a qualquer hora e em qualquer lugar as pessoas est\u00e3o sendo assaltadas. Vamos investir em intelig\u00eancia, construir Centros Integrados de Seguran\u00e7a P\u00fablica nos maiores bairros da cidade do Rio e nas cidades-polo do Estado\u201d, afirmou Rodrigo Neves.<\/p>\n<p style=\"font-weight: 400;\" data-originalfontsize=\"11pt\" data-originalcomputedfontsize=\"14.666667\">Ao conversar com eleitores na Pra\u00e7a Saens Pe\u00f1a, no cora\u00e7\u00e3o da Tijuca, Rodrigo tamb\u00e9m criticou a atual pol\u00edtica de Seguran\u00e7a P\u00fablica do Rio de Janeiro, marcada por opera\u00e7\u00f5es com n\u00famero elevado de mortos.<\/p>\n<p style=\"font-weight: 400;\" data-originalfontsize=\"11pt\" data-originalcomputedfontsize=\"14.666667\">\u201cS\u00e3o a\u00e7\u00f5es improvisadas em favelas, que t\u00eam produzido matan\u00e7as, inclusive de crian\u00e7as e inocentes. N\u00e3o h\u00e1 planejamento e estrat\u00e9gia, e isso coloca em risco policiais e moradores\u201d.<\/p>\n<p style=\"font-weight: 400;\"><span data-originalfontsize=\"11pt\" data-originalcomputedfontsize=\"14.666667\">Para o candidato, a m\u00e1 condu\u00e7\u00e3o da pasta n\u00e3o \u00e9 fruto da falta de dinheiro ou da crise financeira.<br \/>\n<\/span><\/p>\n<p style=\"font-weight: 400;\"><span data-originalfontsize=\"11pt\" data-originalcomputedfontsize=\"14.666667\">\u201cO Estado do Rio tem R$93 bilh\u00f5es em or\u00e7amento. Recurso existe. O que, infelizmente, n\u00e3o existe, \u00e9 um governo que funcione para a popula\u00e7\u00e3o do estado do Rio\u201d.<\/span><\/p>\n<!-- AddThis Advanced Settings generic via filter on the_content --><!-- AddThis Share Buttons generic via filter on the_content -->","protected":false},"excerpt":{"rendered":"<p>Rodrigo Neves caminhou na Saens Pe\u00f1a e falou sobre o refor\u00e7o no policiamento ostensivo e nos Centros Integrados de Seguran\u00e7a P\u00fablica Problema cr\u00f4nico no Rio de Janeiro, a viol\u00eancia urbana foi o principal tema abordado pelo candidato a governador do Rio de Janeiro pelo PDT, Rodrigo Neves, na tarde desta ter\u00e7a-feira, 20, durante caminhada na&#8230;<!-- AddThis Advanced Settings generic via filter on wp_trim_excerpt --><!-- AddThis Share Buttons generic via filter on wp_trim_excerpt --><\/p>\n","protected":false},"author":17,"featured_media":83610,"comment_status":"closed","ping_status":"closed","sticky":false,"template":"","format":"standard","meta":{"_monsterinsights_skip_tracking":false,"_monsterinsights_sitenote_active":false,"_monsterinsights_sitenote_note":"","_monsterinsights_sitenote_category":0,"_uf_show_specific_survey":0,"_uf_disable_surveys":false,"footnotes":""},"categories":[1390,5414,5415],"tags":[],"class_list":["post-83609","post","type-post","status-publish","format-standard","has-post-thumbnail","hentry","category-editorias","category-estado","category-rodrigo-neves"],"acf":[],"_links":{"self":[{"href":"https:\/\/pdt-rj.org.br\/index.php\/wp-json\/wp\/v2\/posts\/83609","targetHints":{"allow":["GET"]}}],"collection":[{"href":"https:\/\/pdt-rj.org.br\/index.php\/wp-json\/wp\/v2\/posts"}],"about":[{"href":"https:\/\/pdt-rj.org.br\/index.php\/wp-json\/wp\/v2\/types\/post"}],"author":[{"embeddable":true,"href":"https:\/\/pdt-rj.org.br\/index.php\/wp-json\/wp\/v2\/users\/17"}],"replies":[{"embeddable":true,"href":"https:\/\/pdt-rj.org.br\/index.php\/wp-json\/wp\/v2\/comments?post=83609"}],"version-history":[{"count":2,"href":"https:\/\/pdt-rj.org.br\/index.php\/wp-json\/wp\/v2\/posts\/83609\/revisions"}],"predecessor-version":[{"id":83638,"href":"https:\/\/pdt-rj.org.br\/index.php\/wp-json\/wp\/v2\/posts\/83609\/revisions\/83638"}],"wp:featuredmedia":[{"embeddable":true,"href":"https:\/\/pdt-rj.org.br\/index.php\/wp-json\/wp\/v2\/media\/83610"}],"wp:attachment":[{"href":"https:\/\/pdt-rj.org.br\/index.php\/wp-json\/wp\/v2\/media?parent=83609"}],"wp:term":[{"taxonomy":"category","embeddable":true,"href":"https:\/\/pdt-rj.org.br\/index.php\/wp-json\/wp\/v2\/categories?post=83609"},{"taxonomy":"post_tag","embeddable":true,"href":"https:\/\/pdt-rj.org.br\/index.php\/wp-json\/wp\/v2\/tags?post=83609"}],"curies":[{"name":"wp","href":"https:\/\/api.w.org\/{rel}","templated":true}]}}