{"id":83605,"date":"2022-09-20T10:14:13","date_gmt":"2022-09-20T13:14:13","guid":{"rendered":"https:\/\/pdt-rj.org.br\/?p=83605"},"modified":"2022-09-20T10:14:13","modified_gmt":"2022-09-20T13:14:13","slug":"em-1952-vargas-exaltou-a-importancia-do-voto-livre-para-o-governo-trabalhista","status":"publish","type":"post","link":"https:\/\/pdt-rj.org.br\/index.php\/em-1952-vargas-exaltou-a-importancia-do-voto-livre-para-o-governo-trabalhista\/","title":{"rendered":"Em 1952, Vargas exaltou a import\u00e2ncia do \u201cvoto livre\u201d para o governo trabalhista"},"content":{"rendered":"<p style=\"font-weight: 400;\"><strong>Presidente da Rep\u00fablica discursou durante evento com sindicalistas no Rio Grande do Sul<\/strong><\/p>\n<p style=\"font-weight: 400;\">Diante de sindicalistas no Rio Grande do Sul, o presidente da Rep\u00fablica, Get\u00falio Vargas, defendeu a import\u00e2ncia do \u201cvoto livre\u201d para o governo trabalhista no processo de desenvolvimento social e econ\u00f4mico do Brasil. O discurso, em 20 de setembro de 1952, apontou a ofensiva na dire\u00e7\u00e3o do fortalecimento da pauta popular, que inclui os direitos amparados pela Consolida\u00e7\u00e3o das Leis do Trabalho (CLT) desde 1943.<\/p>\n<p style=\"font-weight: 400;\">\u201cImp\u00f5em-se a vossa prepara\u00e7\u00e3o definitiva, trabalhadores do Brasil, para participar efetivamente, no Governo, atrav\u00e9s do voto livre. Nas democracias, o governo se constitui pelo voto da maioria; e v\u00f3s sois, incontestavelmente, a maioria do povo brasileiro\u201d, afirmou Vargas, ao longo da manifesta\u00e7\u00e3o resgatada pelo Centro de Mem\u00f3ria Trabalhista (CMT) atrav\u00e9s do podcast \u201cA Voz Trabalhista\u201d.<\/p>\n<p style=\"font-weight: 400;\">\u201cS\u00f3 com a conquista, no poder, tereis oportunidade para empreender a grande reforma alicer\u00e7ada em bases de seguran\u00e7a econ\u00f4mica e justi\u00e7a social. Essa reforma ter\u00e1 de vir, n\u00e3o pela revolu\u00e7\u00e3o, mas pela evolu\u00e7\u00e3o\u201d, completou.<\/p>\n<p style=\"font-weight: 400;\">Na segunda gest\u00e3o, Vargas ratificou o compromisso de efetivar o progresso da na\u00e7\u00e3o atrav\u00e9s de um pilar que julgava fundamental: o di\u00e1logo entre capital e trabalho. E o elo fundamental para materializa\u00e7\u00e3o, segundo ele, era \u201co apoio e a compreens\u00e3o das massas trabalhadoras\u201d.<\/p>\n<p style=\"font-weight: 400;\">\u201cQueremos, sim, a coopera\u00e7\u00e3o harmoniosa e cordial, em termos de igualdade e de respeito m\u00fatuo, entre o capital e o trabalho: um florescendo livremente no vasto campo oferecido \u00e0 sua iniciativa criadora; e o outro, ao abrigo da inseguran\u00e7a e da opress\u00e3o econ\u00f4mica, beneficiando de uma justa partilha dos frutos dos empreendimentos comuns\u201d, relatou.<\/p>\n<p style=\"font-weight: 400;\">\u201cPreciso dessa solidariedade e dessa compreens\u00e3o, preciso de vossa coopera\u00e7\u00e3o ativa e vigilante, para que o patrim\u00f4nio dos trabalhadores do Brasil, que \u00e9 a legisla\u00e7\u00e3o social \u00e0 qual tive o orgulho de ligar o meu nome, n\u00e3o pere\u00e7a na conjura\u00e7\u00e3o dos interesses ego\u00edstas\u201d, indicou.<\/p>\n<p style=\"font-weight: 400;\">Para conferir trechos do discurso em \u00e1udio, clique\u00a0<a href=\"https:\/\/anchor.fm\/memoria-trabalhista\/episodes\/EP66-Discurso-do-Presidente-da-Repblica-no-Sindicato-dos-Empregados-do-Comrcio-do-Rio-Grande-do-Sul--em-Porto-Alegre-RS--em-1952-e1o2acb\" data-saferedirecturl=\"https:\/\/www.google.com\/url?q=https:\/\/anchor.fm\/memoria-trabalhista\/episodes\/EP66-Discurso-do-Presidente-da-Repblica-no-Sindicato-dos-Empregados-do-Comrcio-do-Rio-Grande-do-Sul--em-Porto-Alegre-RS--em-1952-e1o2acb&amp;source=gmail&amp;ust=1663764206732000&amp;usg=AOvVaw1j8mwwVoH5g-kVqn1J5GWg\">aqui<\/a>.<\/p>\n<!-- AddThis Advanced Settings generic via filter on the_content --><!-- AddThis Share Buttons generic via filter on the_content -->","protected":false},"excerpt":{"rendered":"<p>Presidente da Rep\u00fablica discursou durante evento com sindicalistas no Rio Grande do Sul Diante de sindicalistas no Rio Grande do Sul, o presidente da Rep\u00fablica, Get\u00falio Vargas, defendeu a import\u00e2ncia do \u201cvoto livre\u201d para o governo trabalhista no processo de desenvolvimento social e econ\u00f4mico do Brasil. O discurso, em 20 de setembro de 1952, apontou&#8230;<!-- AddThis Advanced Settings generic via filter on wp_trim_excerpt --><!-- AddThis Share Buttons generic via filter on wp_trim_excerpt --><\/p>\n","protected":false},"author":17,"featured_media":83606,"comment_status":"closed","ping_status":"closed","sticky":false,"template":"","format":"standard","meta":{"_monsterinsights_skip_tracking":false,"_monsterinsights_sitenote_active":false,"_monsterinsights_sitenote_note":"","_monsterinsights_sitenote_category":0,"_uf_show_specific_survey":0,"_uf_disable_surveys":false,"footnotes":""},"categories":[1390,1401],"tags":[],"class_list":["post-83605","post","type-post","status-publish","format-standard","has-post-thumbnail","hentry","category-editorias","category-nacional"],"acf":[],"_links":{"self":[{"href":"https:\/\/pdt-rj.org.br\/index.php\/wp-json\/wp\/v2\/posts\/83605","targetHints":{"allow":["GET"]}}],"collection":[{"href":"https:\/\/pdt-rj.org.br\/index.php\/wp-json\/wp\/v2\/posts"}],"about":[{"href":"https:\/\/pdt-rj.org.br\/index.php\/wp-json\/wp\/v2\/types\/post"}],"author":[{"embeddable":true,"href":"https:\/\/pdt-rj.org.br\/index.php\/wp-json\/wp\/v2\/users\/17"}],"replies":[{"embeddable":true,"href":"https:\/\/pdt-rj.org.br\/index.php\/wp-json\/wp\/v2\/comments?post=83605"}],"version-history":[{"count":1,"href":"https:\/\/pdt-rj.org.br\/index.php\/wp-json\/wp\/v2\/posts\/83605\/revisions"}],"predecessor-version":[{"id":83607,"href":"https:\/\/pdt-rj.org.br\/index.php\/wp-json\/wp\/v2\/posts\/83605\/revisions\/83607"}],"wp:featuredmedia":[{"embeddable":true,"href":"https:\/\/pdt-rj.org.br\/index.php\/wp-json\/wp\/v2\/media\/83606"}],"wp:attachment":[{"href":"https:\/\/pdt-rj.org.br\/index.php\/wp-json\/wp\/v2\/media?parent=83605"}],"wp:term":[{"taxonomy":"category","embeddable":true,"href":"https:\/\/pdt-rj.org.br\/index.php\/wp-json\/wp\/v2\/categories?post=83605"},{"taxonomy":"post_tag","embeddable":true,"href":"https:\/\/pdt-rj.org.br\/index.php\/wp-json\/wp\/v2\/tags?post=83605"}],"curies":[{"name":"wp","href":"https:\/\/api.w.org\/{rel}","templated":true}]}}