{"id":83589,"date":"2022-09-19T23:40:01","date_gmt":"2022-09-20T02:40:01","guid":{"rendered":"https:\/\/pdt-rj.org.br\/?p=83589"},"modified":"2022-09-23T20:00:32","modified_gmt":"2022-09-23T23:00:32","slug":"rodrigo-neves-assina-carta-compromisso-com-o-grupo-mulheres-do-brasil","status":"publish","type":"post","link":"https:\/\/pdt-rj.org.br\/index.php\/rodrigo-neves-assina-carta-compromisso-com-o-grupo-mulheres-do-brasil\/","title":{"rendered":"Rodrigo Neves assina carta-compromisso com o grupo Mulheres do Brasil"},"content":{"rendered":"<p><strong>Movimento liderado pela empres\u00e1ria Luiza Trajano possui mais de 107 mil integrantes em todo o Brasil<\/strong><\/p>\n<p>Em encontro com lideran\u00e7as femininas na tarde de hoje (19\/09), em Copacabana, o candidato ao governo do Estado, Rodrigo Neves, assinou uma carta compromisso elaborada pelo grupo Mulheres do Brasil, com pontos de defesa dos direitos humanos, \u00e0 igualdade de direitos e \u00e0 maior participa\u00e7\u00e3o de mulheres na pol\u00edtica. O grupo possui mais de 107 mil integrantes em todo o pa\u00eds.<\/p>\n<p>\u201cAs mulheres s\u00e3o mais da metade da sociedade carioca e fluminense. Vamos implantar programas de combate \u00e0 viol\u00eancia contra a mulher, porque n\u00e3o \u00e9 poss\u00edvel uma mulher ser v\u00edtima de viol\u00eancia a cada sete horas no estado do Rio\u201d, afirmou.<\/p>\n<p>Segundo o candidato, a partir do pr\u00f3ximo ano, parcerias com as prefeituras garantir\u00e3o creche integral e o programa de renda b\u00e1sica ser\u00e1 pago \u00e0s mulheres da fam\u00edlia. Outro compromisso importante \u00e9 a participa\u00e7\u00e3o das mulheres na administra\u00e7\u00e3o p\u00fablica.<\/p>\n<p>&#8220;Vamos garantir, em parceria com os munic\u00edpios, creche em hor\u00e1rio integral, porque isso \u00e9 muito importante para as mulheres m\u00e3es e trabalhadoras. E vamos garantir que o aux\u00edlio de R$500, a renda b\u00e1sica, seja pago \u00e0s mulheres a partir de janeiro do pr\u00f3ximo ano. E que metade das secretarias do governo seja ocupada por mulheres.\u201d<\/p>\n<p>Rodrigo lembrou das pol\u00edticas p\u00fablicas voltadas para as mulheres implantadas por ele quando foi prefeito.<\/p>\n<p>\u201cEm Niter\u00f3i, 80% do or\u00e7amento da Prefeitura era administrado por secret\u00e1rias mulheres. Implantamos um programa de renda b\u00e1sica, pago \u00e0s mulheres, criamos um programa de aux\u00edlio \u00e0s mulheres v\u00edtimas de viol\u00eancia e a Sala Lil\u00e1s, em parceria com o IML e o Tribunal de Justi\u00e7a, garantindo o acolhimento para que a mulher possa fazer a den\u00fancia sobre a viol\u00eancia que esteja sofrendo. E garantimos creche em hor\u00e1rio integral em todas as comunidades de Niter\u00f3i. \u00c9 isso que vou fazer no governo do Estado\u201d, disse.<\/p>\n<!-- AddThis Advanced Settings generic via filter on the_content --><!-- AddThis Share Buttons generic via filter on the_content -->","protected":false},"excerpt":{"rendered":"<p>Movimento liderado pela empres\u00e1ria Luiza Trajano possui mais de 107 mil integrantes em todo o Brasil Em encontro com lideran\u00e7as femininas na tarde de hoje (19\/09), em Copacabana, o candidato ao governo do Estado, Rodrigo Neves, assinou uma carta compromisso elaborada pelo grupo Mulheres do Brasil, com pontos de defesa dos direitos humanos, \u00e0 igualdade&#8230;<!-- AddThis Advanced Settings generic via filter on wp_trim_excerpt --><!-- AddThis Share Buttons generic via filter on wp_trim_excerpt --><\/p>\n","protected":false},"author":17,"featured_media":83590,"comment_status":"closed","ping_status":"closed","sticky":false,"template":"","format":"standard","meta":{"_monsterinsights_skip_tracking":false,"_monsterinsights_sitenote_active":false,"_monsterinsights_sitenote_note":"","_monsterinsights_sitenote_category":0,"_uf_show_specific_survey":0,"_uf_disable_surveys":false,"footnotes":""},"categories":[1390,5414,5415],"tags":[],"class_list":["post-83589","post","type-post","status-publish","format-standard","has-post-thumbnail","hentry","category-editorias","category-estado","category-rodrigo-neves"],"acf":[],"_links":{"self":[{"href":"https:\/\/pdt-rj.org.br\/index.php\/wp-json\/wp\/v2\/posts\/83589","targetHints":{"allow":["GET"]}}],"collection":[{"href":"https:\/\/pdt-rj.org.br\/index.php\/wp-json\/wp\/v2\/posts"}],"about":[{"href":"https:\/\/pdt-rj.org.br\/index.php\/wp-json\/wp\/v2\/types\/post"}],"author":[{"embeddable":true,"href":"https:\/\/pdt-rj.org.br\/index.php\/wp-json\/wp\/v2\/users\/17"}],"replies":[{"embeddable":true,"href":"https:\/\/pdt-rj.org.br\/index.php\/wp-json\/wp\/v2\/comments?post=83589"}],"version-history":[{"count":3,"href":"https:\/\/pdt-rj.org.br\/index.php\/wp-json\/wp\/v2\/posts\/83589\/revisions"}],"predecessor-version":[{"id":83630,"href":"https:\/\/pdt-rj.org.br\/index.php\/wp-json\/wp\/v2\/posts\/83589\/revisions\/83630"}],"wp:featuredmedia":[{"embeddable":true,"href":"https:\/\/pdt-rj.org.br\/index.php\/wp-json\/wp\/v2\/media\/83590"}],"wp:attachment":[{"href":"https:\/\/pdt-rj.org.br\/index.php\/wp-json\/wp\/v2\/media?parent=83589"}],"wp:term":[{"taxonomy":"category","embeddable":true,"href":"https:\/\/pdt-rj.org.br\/index.php\/wp-json\/wp\/v2\/categories?post=83589"},{"taxonomy":"post_tag","embeddable":true,"href":"https:\/\/pdt-rj.org.br\/index.php\/wp-json\/wp\/v2\/tags?post=83589"}],"curies":[{"name":"wp","href":"https:\/\/api.w.org\/{rel}","templated":true}]}}