{"id":83568,"date":"2022-09-18T23:28:53","date_gmt":"2022-09-19T02:28:53","guid":{"rendered":"https:\/\/pdt-rj.org.br\/?p=83568"},"modified":"2022-09-21T19:47:25","modified_gmt":"2022-09-21T22:47:25","slug":"rodrigo-neves-mobiliza-liderancas-em-carreata-por-niteroi","status":"publish","type":"post","link":"https:\/\/pdt-rj.org.br\/index.php\/rodrigo-neves-mobiliza-liderancas-em-carreata-por-niteroi\/","title":{"rendered":"Rodrigo Neves mobiliza lideran\u00e7as em carreata por Niter\u00f3i"},"content":{"rendered":"<p data-originalfontsize=\"11pt\" data-originalcomputedfontsize=\"14.666667\"><strong>Durante reuni\u00e3o com representantes da Cultura, pedetista\u00a0prop\u00f5e triplicar or\u00e7amento do setor \u00a0em 2023<\/strong><\/p>\n<p style=\"font-weight: 400;\" data-originalfontsize=\"11pt\" data-originalcomputedfontsize=\"14.666667\">O domingo (18) do candidato a governador pelo PDT, Rodrigo Neves, come\u00e7ou com uma carreata que percorreu toda a Zona Norte de Niter\u00f3i, cidade que governou por oito anos e que transformou na primeira em qualidade de vida do estado.<\/p>\n<p style=\"font-weight: 400;\" data-originalfontsize=\"11pt\" data-originalcomputedfontsize=\"14.666667\">A carreata percorreu os bairros do Barreto, Engenhoca, Fonseca, Bumba, Caramujo, Sap\u00ea e Largo da Batalha. Em conversa com eleitores, o pedetista falou sobre o combate ao racismo.<\/p>\n<p style=\"font-weight: 400;\" data-originalfontsize=\"11pt\" data-originalcomputedfontsize=\"14.666667\">\u201cTenho um orgulho danado por ter sido o primeiro prefeito do nosso estado a criar um Estatuto Municipal da Igualdade Racial. A quest\u00e3o racial ser\u00e1 transversal em todo o nosso governo. \u00c9 preciso mudar este cen\u00e1rio de exclus\u00e3o dos negros e negras do processo decis\u00f3rio. N\u00f3s do PDT viemos da tradi\u00e7\u00e3o de Abdias do Nascimento e Carlos Alberto Ca\u00f3. Os negros tamb\u00e9m v\u00e3o estar no primeiro escal\u00e3o do nosso governo\u201d.<\/p>\n<p style=\"font-weight: 400;\"><strong data-removefontsize=\"true\" data-originalcomputedfontsize=\"14.666667\">Rodas de Samba<\/strong><\/p>\n<p style=\"font-weight: 400;\" data-originalfontsize=\"11pt\" data-originalcomputedfontsize=\"14.666667\">\u00c0 tarde, o candidato visitou duas tradicionais rodas de samba da cidade, no Candongueiro, em Rio do Ouro, e na Quinta do Parque, no bairro Macei\u00f3, onde conversou sobre a import\u00e2ncia de ampliar o investimento em Cultura.<\/p>\n<p style=\"font-weight: 400;\"><span data-originalfontsize=\"11pt\" data-originalcomputedfontsize=\"14.666667\">\u201cO estado do Rio de Janeiro ter\u00e1 o governador da Cultura a partir de janeiro de 2023, pois somos refer\u00eancia do pensamento cultural no Brasil e n\u00e3o podemos viver este vazio de investimentos em um setor t\u00e3o importante. Vamos triplicar o or\u00e7amento da Cultura no primeiro ano de governo e vamos fazer um Plano de Cultura Participativo, que envolva todos os segmentos, toda a pluralidade da Cultura do Rio de Janeiro\u201d, prop\u00f5e Rodrigo Neves.<\/span><\/p>\n<!-- AddThis Advanced Settings generic via filter on the_content --><!-- AddThis Share Buttons generic via filter on the_content -->","protected":false},"excerpt":{"rendered":"<p>Durante reuni\u00e3o com representantes da Cultura, pedetista\u00a0prop\u00f5e triplicar or\u00e7amento do setor \u00a0em 2023 O domingo (18) do candidato a governador pelo PDT, Rodrigo Neves, come\u00e7ou com uma carreata que percorreu toda a Zona Norte de Niter\u00f3i, cidade que governou por oito anos e que transformou na primeira em qualidade de vida do estado. A carreata&#8230;<!-- AddThis Advanced Settings generic via filter on wp_trim_excerpt --><!-- AddThis Share Buttons generic via filter on wp_trim_excerpt --><\/p>\n","protected":false},"author":17,"featured_media":83576,"comment_status":"closed","ping_status":"closed","sticky":false,"template":"","format":"standard","meta":{"_monsterinsights_skip_tracking":false,"_monsterinsights_sitenote_active":false,"_monsterinsights_sitenote_note":"","_monsterinsights_sitenote_category":0,"_uf_show_specific_survey":0,"_uf_disable_surveys":false,"footnotes":""},"categories":[1390,5414,5415],"tags":[],"class_list":["post-83568","post","type-post","status-publish","format-standard","has-post-thumbnail","hentry","category-editorias","category-estado","category-rodrigo-neves"],"acf":[],"_links":{"self":[{"href":"https:\/\/pdt-rj.org.br\/index.php\/wp-json\/wp\/v2\/posts\/83568","targetHints":{"allow":["GET"]}}],"collection":[{"href":"https:\/\/pdt-rj.org.br\/index.php\/wp-json\/wp\/v2\/posts"}],"about":[{"href":"https:\/\/pdt-rj.org.br\/index.php\/wp-json\/wp\/v2\/types\/post"}],"author":[{"embeddable":true,"href":"https:\/\/pdt-rj.org.br\/index.php\/wp-json\/wp\/v2\/users\/17"}],"replies":[{"embeddable":true,"href":"https:\/\/pdt-rj.org.br\/index.php\/wp-json\/wp\/v2\/comments?post=83568"}],"version-history":[{"count":5,"href":"https:\/\/pdt-rj.org.br\/index.php\/wp-json\/wp\/v2\/posts\/83568\/revisions"}],"predecessor-version":[{"id":83619,"href":"https:\/\/pdt-rj.org.br\/index.php\/wp-json\/wp\/v2\/posts\/83568\/revisions\/83619"}],"wp:featuredmedia":[{"embeddable":true,"href":"https:\/\/pdt-rj.org.br\/index.php\/wp-json\/wp\/v2\/media\/83576"}],"wp:attachment":[{"href":"https:\/\/pdt-rj.org.br\/index.php\/wp-json\/wp\/v2\/media?parent=83568"}],"wp:term":[{"taxonomy":"category","embeddable":true,"href":"https:\/\/pdt-rj.org.br\/index.php\/wp-json\/wp\/v2\/categories?post=83568"},{"taxonomy":"post_tag","embeddable":true,"href":"https:\/\/pdt-rj.org.br\/index.php\/wp-json\/wp\/v2\/tags?post=83568"}],"curies":[{"name":"wp","href":"https:\/\/api.w.org\/{rel}","templated":true}]}}