{"id":83564,"date":"2022-09-18T13:38:58","date_gmt":"2022-09-18T16:38:58","guid":{"rendered":"https:\/\/pdt-rj.org.br\/?p=83564"},"modified":"2022-09-19T12:40:27","modified_gmt":"2022-09-19T15:40:27","slug":"nota-oficial-7","status":"publish","type":"post","link":"https:\/\/pdt-rj.org.br\/index.php\/nota-oficial-7\/","title":{"rendered":"Nota Oficial"},"content":{"rendered":"<p><strong>Nota Oficial<\/strong><\/p>\n<p>O PDT afirma que n\u00e3o possui qualquer tipo de v\u00ednculo com o movimento Nova Resist\u00eancia (NR) e seus membros. No Brasil, s\u00e3o mais de 1 milh\u00e3o de filiados ao partido e todos que assumirem a dupla milit\u00e2ncia ser\u00e3o exclu\u00eddos.<\/p>\n<p>O \u00fanico caso registrado foi em 2020, com o devido cancelamento da filia\u00e7\u00e3o. J\u00e1 Robinson Farinazzo, oficial da reserva da Marinha, nega a defesa da pauta do NR.<\/p>\n<p>Vinculado \u00e0 Internacional Socialista (IS), o partido refor\u00e7a, h\u00e1 42 anos, a responsabilidade e a coer\u00eancia com o legado trabalhista, que inclui a defesa intransigente de grupos minorit\u00e1rios e de pautas fundamentais, como a racial, a religiosa e de g\u00eanero.<\/p>\n<p style=\"text-align: center;\"><strong>Carlos Lupi<\/strong><\/p>\n<p style=\"text-align: center;\"><strong>Presidente Nacional do PDT<\/strong><\/p>\n<!-- AddThis Advanced Settings generic via filter on the_content --><!-- AddThis Share Buttons generic via filter on the_content -->","protected":false},"excerpt":{"rendered":"<p>Nota Oficial O PDT afirma que n\u00e3o possui qualquer tipo de v\u00ednculo com o movimento Nova Resist\u00eancia (NR) e seus membros. No Brasil, s\u00e3o mais de 1 milh\u00e3o de filiados ao partido e todos que assumirem a dupla milit\u00e2ncia ser\u00e3o exclu\u00eddos. O \u00fanico caso registrado foi em 2020, com o devido cancelamento da filia\u00e7\u00e3o. J\u00e1&#8230;<!-- AddThis Advanced Settings generic via filter on wp_trim_excerpt --><!-- AddThis Share Buttons generic via filter on wp_trim_excerpt --><\/p>\n","protected":false},"author":17,"featured_media":82830,"comment_status":"closed","ping_status":"closed","sticky":false,"template":"","format":"standard","meta":{"_monsterinsights_skip_tracking":false,"_monsterinsights_sitenote_active":false,"_monsterinsights_sitenote_note":"","_monsterinsights_sitenote_category":0,"_uf_show_specific_survey":0,"_uf_disable_surveys":false,"footnotes":""},"categories":[1390,5417,1401],"tags":[],"class_list":["post-83564","post","type-post","status-publish","format-standard","has-post-thumbnail","hentry","category-editorias","category-carlos-lupi","category-nacional"],"acf":[],"_links":{"self":[{"href":"https:\/\/pdt-rj.org.br\/index.php\/wp-json\/wp\/v2\/posts\/83564","targetHints":{"allow":["GET"]}}],"collection":[{"href":"https:\/\/pdt-rj.org.br\/index.php\/wp-json\/wp\/v2\/posts"}],"about":[{"href":"https:\/\/pdt-rj.org.br\/index.php\/wp-json\/wp\/v2\/types\/post"}],"author":[{"embeddable":true,"href":"https:\/\/pdt-rj.org.br\/index.php\/wp-json\/wp\/v2\/users\/17"}],"replies":[{"embeddable":true,"href":"https:\/\/pdt-rj.org.br\/index.php\/wp-json\/wp\/v2\/comments?post=83564"}],"version-history":[{"count":3,"href":"https:\/\/pdt-rj.org.br\/index.php\/wp-json\/wp\/v2\/posts\/83564\/revisions"}],"predecessor-version":[{"id":83588,"href":"https:\/\/pdt-rj.org.br\/index.php\/wp-json\/wp\/v2\/posts\/83564\/revisions\/83588"}],"wp:featuredmedia":[{"embeddable":true,"href":"https:\/\/pdt-rj.org.br\/index.php\/wp-json\/wp\/v2\/media\/82830"}],"wp:attachment":[{"href":"https:\/\/pdt-rj.org.br\/index.php\/wp-json\/wp\/v2\/media?parent=83564"}],"wp:term":[{"taxonomy":"category","embeddable":true,"href":"https:\/\/pdt-rj.org.br\/index.php\/wp-json\/wp\/v2\/categories?post=83564"},{"taxonomy":"post_tag","embeddable":true,"href":"https:\/\/pdt-rj.org.br\/index.php\/wp-json\/wp\/v2\/tags?post=83564"}],"curies":[{"name":"wp","href":"https:\/\/api.w.org\/{rel}","templated":true}]}}