{"id":83560,"date":"2022-09-16T22:23:22","date_gmt":"2022-09-17T01:23:22","guid":{"rendered":"https:\/\/pdt-rj.org.br\/?p=83560"},"modified":"2022-09-20T21:11:17","modified_gmt":"2022-09-21T00:11:17","slug":"ivaldo-paixao-projeto-de-ciro-contempla-diminuicao-de-morte-e-prisao-de-pessoas-negras","status":"publish","type":"post","link":"https:\/\/pdt-rj.org.br\/index.php\/ivaldo-paixao-projeto-de-ciro-contempla-diminuicao-de-morte-e-prisao-de-pessoas-negras\/","title":{"rendered":"Ivaldo Paix\u00e3o: projeto de Ciro contempla diminui\u00e7\u00e3o de morte e pris\u00e3o de pessoas negras"},"content":{"rendered":"<p><em><strong>Em entrevista para a Folha de S. Paulo, lideran\u00e7a pedetista destaca pontos do programa do presidenci\u00e1vel em prol da popula\u00e7\u00e3o negra do Pa\u00eds<\/strong><\/em><\/p>\n<p>No Brasil, pessoas negras s\u00e3o 78% das v\u00edtimas de mortes violentas intencionais \u2013 categoria que re\u00fane homic\u00eddio doloso, latroc\u00ednio, les\u00e3o corporal seguida de morte e mortes por interven\u00e7\u00e3o policial. No pa\u00eds, 56% da popula\u00e7\u00e3o \u00e9 negra, segundo o IBGE (Instituto Brasileiro de Geografia e Estat\u00edstica).<\/p>\n<p>Al\u00e9m disso, negros representam 84% das mortes provocadas pela pol\u00edcia. Os dados s\u00e3o do 16\u00b0 Anu\u00e1rio Brasileiro de Seguran\u00e7a P\u00fablica, divulgado neste ano.<\/p>\n<p>Ainda de acordo com dados do Anu\u00e1rio, o Brasil tinha cerca de 820 mil presos em 2021, sendo que a maior parte eram pretos e partos (67,5%).<\/p>\n<p>\u201cO que n\u00f3s temos visto nesses \u00faltimos 20 anos \u00e9 o aumento do mortic\u00ednio de negros e negras e do encarceramento dessa popula\u00e7\u00e3o. Isso faz com que o Brasil n\u00e3o seja um bom lugar para o preto viver\u201d, afirma Ivaldo Paix\u00e3o, presidene do Movimento Negro do PDT e ex-diretor de prote\u00e7\u00e3o ao patrim\u00f4nio afrobrasileiro da Funda\u00e7\u00e3o Cultural Palmares.<\/p>\n<p>De acordo com ele, o candidato do PDT \u00e0 Presid\u00eancia da Rep\u00fablica, Ciro Gomes, pretende reverter esses n\u00fameros e, dentra as medidas a serem adotadas para mudar essa realidade, est\u00e1 a revis\u00e3o da Lei de Drogas, sancionada em 2006, para combater os altos \u00edndices de homic\u00eddio e encarceramento de pessoas negras.<\/p>\n<p>O l\u00edder pedetist afirma tamb\u00e9m que a campanha de Ciro \u00e9 a favor de rever o chamado auto de resist\u00eancia. Esse dispositivo est\u00e1 previsto no C\u00f3digo de Processo Penal e permite ao policial que mata em servi\u00e7o alegar que desferiu os tiros por leg\u00edtima defesa ou porque resistiram \u00e0 pris\u00e3o.<\/p>\n<p>Esse artigo \u00e9 criticado por entidades dos direitos humanos por, supostamente, dar um salvo-conduto \u00e0 letalidade policial. \u201c\u00c9 quase como se a autoridade policial tivesse permiss\u00e3o para matar. Esse artigo \u00e9 falho\u201d, diz Ivaldo, acrescentando que a campanha de Ciro tamb\u00e9m \u00e9 contra \u00e0 libera\u00e7\u00e3o irrestrita do porte de armas.<\/p>\n<p>Sobre educa\u00e7\u00e3o, o representante diz que Ciro \u00e9 a favor da Lei de Cotas e que pretende lev\u00e1-la \u00e0 p\u00f3s-gradua\u00e7\u00e3o.<br \/>\nAl\u00e9m disso, ele diz que o presidenci\u00e1vel quer ampliar as a\u00e7\u00f5es afirmativas. \u201cQueremos acompanhar o cotista para que tenhamos o m\u00ednimo de condi\u00e7\u00e3o para ele n\u00e3o s\u00f3 frequentar a universidade, mas tamb\u00e9m desenvolver sua capacidade de estudo atrav\u00e9s de um programa de renda voltado para ele.\u201d<\/p>\n<p>Apesar do temor de alguns grupos de que as cotas pudessem comprometer a qualidade acad\u00eamica, pesquisas mostram que os cotistas t\u00eam desempenho semelhante ao de seus colegas.<\/p>\n<p>Um relat\u00f3rio do Conselho de Monitoramento e Avalia\u00e7\u00e3o de Pol\u00edticas P\u00fablicas, publicado em agosto deste ano, mostra evid\u00eancias de que a Lei de Cotas provocou maior inclus\u00e3o na universidade e n\u00e3o houve impactos negativos no desempenho dos alunos.<\/p>\n<p>\u201cA quest\u00e3o das cotas \u00e9 compromisso n\u00e3o s\u00f3 do Ciro, mas de todo o PDT. Somos o partido da educa\u00e7\u00e3o. Ent\u00e3o, n\u00e3o tem como ser contra as cotas.\u201d<\/p>\n<p>O desemprego \u00e9 outro tema que afeta pessoas negras. De acordo com dados IBGE (Instituto Brasileiro de Geografia e Estat\u00edstica) divulgados no ano passado, esse problema impacta mais negros, jovens e pessoas do nordeste.<br \/>\nPara combat\u00ea-lo, Ivaldo diz que Ciro vai criar um programa de capacita\u00e7\u00e3o profissional para pessoas negras e perif\u00e9ricas. \u201cA gente quer que o negro n\u00e3o seja s\u00f3 empregado, mas tamb\u00e9m empreendedor\u201d, diz ele, acrescentando que o presidenci\u00e1vel quer dar incentivos fiscais a empresas que contratem pessoas negras.<\/p>\n<p>Al\u00e9m disso, afirma que o candidato pretende estabelecer um programa de renda m\u00ednima para ajudar pessoas em vulnerabilidade social.<\/p>\n<p>Na \u00e1rea da sa\u00fade, ele defende que \u00e9 preciso levar a quest\u00e3o racial para cursos que formam m\u00e9dicos e enfermeiros. Isso porque, segundo a organiza\u00e7\u00e3o Criola, a mortalidade materna entre negras \u00e9 77% maior em rela\u00e7\u00e3o a mulheres brancas.<\/p>\n<p>\u201cA mudan\u00e7a tem que come\u00e7ar na educa\u00e7\u00e3o, tem que ser pedag\u00f3gica. Al\u00e9m disso, tem que fazer campanha e usar os meios de comunica\u00e7\u00e3o\u201d, diz ele.<\/p>\n<p>Ivaldo foi o \u00faltimo convidado de uma s\u00e9rie de sabatinas sobre racismo realizada pela Folha de S.Paulo. O jornal convidou as campanhas dos quatro candidatos \u00e0 Presid\u00eancia mais bem colocados nas pesquisas eleitorais.<\/p>\n<p>Al\u00e9m dele, participaram do encontro representantes da candidatura do ex-presidente Lula e da senadora Simone Tebet. A campanha do presidente Jair Bolsonaro (PL), candidato \u00e0 reelei\u00e7\u00e3o, recebeu o convite, mas n\u00e3o respondeu.<\/p>\n<p>Assista \u00e0 entrevista:<\/p>\n<div class=\"epyt-video-wrapper fluid-width-video-wrapper\">\u00a0 \u00a0 \u00a0 \u00a0 \u00a0 <iframe id=\"_ytid_26291\" class=\"__youtube_prefs__ epyt-is-override no-lazyload\" title=\"Representante da campanha de Ciro participa de sabatina sobre racismo\" src=\"https:\/\/www.youtube.com\/embed\/ho7Tr16Qtgs?enablejsapi=1&amp;autoplay=0&amp;cc_load_policy=0&amp;cc_lang_pref=&amp;iv_load_policy=1&amp;loop=0&amp;modestbranding=0&amp;rel=1&amp;fs=1&amp;playsinline=0&amp;autohide=2&amp;theme=dark&amp;color=red&amp;controls=1&amp;\" allowfullscreen=\"allowfullscreen\" data-origwidth=\"640\" data-origheight=\"360\" data-no-lazy=\"1\" data-skipgform_ajax_framebjll=\"\" data-mce-fragment=\"1\"><\/iframe><\/div>\n<div class=\"at-below-post addthis_tool\" data-url=\"https:\/\/www.pdt.org.br\/index.php\/ivaldo-paixao-projeto-de-ciro-contempla-diminuicao-de-morte-e-prisao-de-pessoas-negras\/\"><\/div>\n<!-- AddThis Advanced Settings generic via filter on the_content --><!-- AddThis Share Buttons generic via filter on the_content -->","protected":false},"excerpt":{"rendered":"<p>Em entrevista para a Folha de S. Paulo, lideran\u00e7a pedetista destaca pontos do programa do presidenci\u00e1vel em prol da popula\u00e7\u00e3o negra do Pa\u00eds No Brasil, pessoas negras s\u00e3o 78% das v\u00edtimas de mortes violentas intencionais \u2013 categoria que re\u00fane homic\u00eddio doloso, latroc\u00ednio, les\u00e3o corporal seguida de morte e mortes por interven\u00e7\u00e3o policial. No pa\u00eds, 56%&#8230;<!-- AddThis Advanced Settings generic via filter on wp_trim_excerpt --><!-- AddThis Share Buttons generic via filter on wp_trim_excerpt --><\/p>\n","protected":false},"author":17,"featured_media":83561,"comment_status":"closed","ping_status":"closed","sticky":false,"template":"","format":"standard","meta":{"_monsterinsights_skip_tracking":false,"_monsterinsights_sitenote_active":false,"_monsterinsights_sitenote_note":"","_monsterinsights_sitenote_category":0,"_uf_show_specific_survey":0,"_uf_disable_surveys":false,"footnotes":""},"categories":[1390,5414,5415],"tags":[],"class_list":["post-83560","post","type-post","status-publish","format-standard","has-post-thumbnail","hentry","category-editorias","category-estado","category-rodrigo-neves"],"acf":[],"_links":{"self":[{"href":"https:\/\/pdt-rj.org.br\/index.php\/wp-json\/wp\/v2\/posts\/83560","targetHints":{"allow":["GET"]}}],"collection":[{"href":"https:\/\/pdt-rj.org.br\/index.php\/wp-json\/wp\/v2\/posts"}],"about":[{"href":"https:\/\/pdt-rj.org.br\/index.php\/wp-json\/wp\/v2\/types\/post"}],"author":[{"embeddable":true,"href":"https:\/\/pdt-rj.org.br\/index.php\/wp-json\/wp\/v2\/users\/17"}],"replies":[{"embeddable":true,"href":"https:\/\/pdt-rj.org.br\/index.php\/wp-json\/wp\/v2\/comments?post=83560"}],"version-history":[{"count":2,"href":"https:\/\/pdt-rj.org.br\/index.php\/wp-json\/wp\/v2\/posts\/83560\/revisions"}],"predecessor-version":[{"id":83612,"href":"https:\/\/pdt-rj.org.br\/index.php\/wp-json\/wp\/v2\/posts\/83560\/revisions\/83612"}],"wp:featuredmedia":[{"embeddable":true,"href":"https:\/\/pdt-rj.org.br\/index.php\/wp-json\/wp\/v2\/media\/83561"}],"wp:attachment":[{"href":"https:\/\/pdt-rj.org.br\/index.php\/wp-json\/wp\/v2\/media?parent=83560"}],"wp:term":[{"taxonomy":"category","embeddable":true,"href":"https:\/\/pdt-rj.org.br\/index.php\/wp-json\/wp\/v2\/categories?post=83560"},{"taxonomy":"post_tag","embeddable":true,"href":"https:\/\/pdt-rj.org.br\/index.php\/wp-json\/wp\/v2\/tags?post=83560"}],"curies":[{"name":"wp","href":"https:\/\/api.w.org\/{rel}","templated":true}]}}