{"id":83512,"date":"2022-09-10T18:32:50","date_gmt":"2022-09-10T21:32:50","guid":{"rendered":"https:\/\/pdt-rj.org.br\/?p=83512"},"modified":"2022-09-15T21:42:54","modified_gmt":"2022-09-16T00:42:54","slug":"ensino-tecnico-e-profissionalizante-uma-necessidade-para-a-zona-oeste-do-rio-de-janeiro","status":"publish","type":"post","link":"https:\/\/pdt-rj.org.br\/index.php\/ensino-tecnico-e-profissionalizante-uma-necessidade-para-a-zona-oeste-do-rio-de-janeiro\/","title":{"rendered":"Ensino t\u00e9cnico e profissionalizante, uma necessidade para a Zona Oeste do Rio de Janeiro"},"content":{"rendered":"<p><strong>Rodrigo Neves afirma que vai investir para melhorar o ensino profissionalizante<\/strong><\/p>\n<p>Neste s\u00e1bado, dia 10, o candidato a governador pelo PDT, Rodrigo Neves, come\u00e7ou o dia com uma caminhada no Campo de S\u00e3o Bento, em Icara\u00ed, Niter\u00f3i, onde foi prefeito por oito anos. Neves cumprimentou eleitores e falou sobre suas propostas para o estado ao lado do atual prefeito de Niter\u00f3i, Axel Grael, seu sucessor. Em seguida, o pedetista\u00a0participou de caminhadas em comunidades na Zona Oeste da capital, onde falou sobre a necessidade de investimentos em ensino t\u00e9cnico e profissionalizante na regi\u00e3o.<\/p>\n<div>\n<div><\/div>\n<div data-removefontsize=\"true\" data-originalcomputedfontsize=\"16\">\n<p>Depois de fazer uma caminhada na comunidade da Carobinha, em Campo Grande, Rodrigo seguiu para as comunidades de Uruc\u00e2nia,\u00a0Antares e Zeppelin,\u00a0em Santa Cruz. Ao lado do ex-secret\u00e1rio de Fazenda do Rio, Pedro Paulo, e da deputada estadual Lucinha, Rodrigo falou sobre seu projeto para a Educa\u00e7\u00e3o.<\/p>\n<div><\/div>\n<div data-removefontsize=\"true\" data-originalcomputedfontsize=\"16\">\u201cAqui nessa regi\u00e3o h\u00e1 uma demanda muito grande de forma\u00e7\u00e3o t\u00e9cnica e profissional. E temos que garantir \u00e0 juventude mais pobre oportunidade para se inserir no mercado de trabalho\u201d, disse o candidato, que tamb\u00e9m reafirmou a import\u00e2ncia de reabrir os Cieps que se encontram abandonados.<\/div>\n<\/div>\n<\/div>\n<!-- AddThis Advanced Settings generic via filter on the_content --><!-- AddThis Share Buttons generic via filter on the_content -->","protected":false},"excerpt":{"rendered":"<p>Rodrigo Neves afirma que vai investir para melhorar o ensino profissionalizante Neste s\u00e1bado, dia 10, o candidato a governador pelo PDT, Rodrigo Neves, come\u00e7ou o dia com uma caminhada no Campo de S\u00e3o Bento, em Icara\u00ed, Niter\u00f3i, onde foi prefeito por oito anos. Neves cumprimentou eleitores e falou sobre suas propostas para o estado ao&#8230;<!-- AddThis Advanced Settings generic via filter on wp_trim_excerpt --><!-- AddThis Share Buttons generic via filter on wp_trim_excerpt --><\/p>\n","protected":false},"author":17,"featured_media":83513,"comment_status":"closed","ping_status":"closed","sticky":false,"template":"","format":"standard","meta":{"_monsterinsights_skip_tracking":false,"_monsterinsights_sitenote_active":false,"_monsterinsights_sitenote_note":"","_monsterinsights_sitenote_category":0,"_uf_show_specific_survey":0,"_uf_disable_surveys":false,"footnotes":""},"categories":[1390,5414,5415],"tags":[],"class_list":["post-83512","post","type-post","status-publish","format-standard","has-post-thumbnail","hentry","category-editorias","category-estado","category-rodrigo-neves"],"acf":[],"_links":{"self":[{"href":"https:\/\/pdt-rj.org.br\/index.php\/wp-json\/wp\/v2\/posts\/83512","targetHints":{"allow":["GET"]}}],"collection":[{"href":"https:\/\/pdt-rj.org.br\/index.php\/wp-json\/wp\/v2\/posts"}],"about":[{"href":"https:\/\/pdt-rj.org.br\/index.php\/wp-json\/wp\/v2\/types\/post"}],"author":[{"embeddable":true,"href":"https:\/\/pdt-rj.org.br\/index.php\/wp-json\/wp\/v2\/users\/17"}],"replies":[{"embeddable":true,"href":"https:\/\/pdt-rj.org.br\/index.php\/wp-json\/wp\/v2\/comments?post=83512"}],"version-history":[{"count":3,"href":"https:\/\/pdt-rj.org.br\/index.php\/wp-json\/wp\/v2\/posts\/83512\/revisions"}],"predecessor-version":[{"id":83559,"href":"https:\/\/pdt-rj.org.br\/index.php\/wp-json\/wp\/v2\/posts\/83512\/revisions\/83559"}],"wp:featuredmedia":[{"embeddable":true,"href":"https:\/\/pdt-rj.org.br\/index.php\/wp-json\/wp\/v2\/media\/83513"}],"wp:attachment":[{"href":"https:\/\/pdt-rj.org.br\/index.php\/wp-json\/wp\/v2\/media?parent=83512"}],"wp:term":[{"taxonomy":"category","embeddable":true,"href":"https:\/\/pdt-rj.org.br\/index.php\/wp-json\/wp\/v2\/categories?post=83512"},{"taxonomy":"post_tag","embeddable":true,"href":"https:\/\/pdt-rj.org.br\/index.php\/wp-json\/wp\/v2\/tags?post=83512"}],"curies":[{"name":"wp","href":"https:\/\/api.w.org\/{rel}","templated":true}]}}