{"id":83503,"date":"2022-09-09T20:35:34","date_gmt":"2022-09-09T23:35:34","guid":{"rendered":"https:\/\/pdt-rj.org.br\/?p=83503"},"modified":"2022-09-14T18:00:17","modified_gmt":"2022-09-14T21:00:17","slug":"na-regiao-serrana-rodrigo-neves-fala-em-investimentos-em-infraestrutura","status":"publish","type":"post","link":"https:\/\/pdt-rj.org.br\/index.php\/na-regiao-serrana-rodrigo-neves-fala-em-investimentos-em-infraestrutura\/","title":{"rendered":"Na Regi\u00e3o Serrana, Rodrigo Neves fala em investimentos em infraestrutura"},"content":{"rendered":"<p style=\"font-weight: 400;\"><strong>Candidato a governador visitou Petr\u00f3polis, Teres\u00f3polis e Nova Friburgo<\/strong><\/p>\n<p>O candidato a governador pelo PDT, Rodrigo Neves, percorreu, nesta sexta-feira (9), a Regi\u00e3o Serrana em agendas de campanha eleitoral. Em Petr\u00f3polis, Teres\u00f3polis e Nova Friburgo o candidato falou sobre a necessidade de reconstruir a infraestrutura das cidades para que resistam \u00e0s temporadas de chuvas.<\/p>\n<p style=\"font-weight: 400;\"><span style=\"font-weight: 400;\">&#8220;Em nosso governo vamos construir habita\u00e7\u00e3o de interesse social e investir em estudos geol\u00f3gicos e infraestrutura para aumentar a resili\u00eancia das cidades durante as chuvas. \u00c9 terr\u00edvel a degrada\u00e7\u00e3o da cidade de Petr\u00f3polis nos \u00faltimos anos por falta de investimentos do Governo do Estado em infraestrutura. Nova Friburgo ainda convive com as marcas dos desastres de uma d\u00e9cada atr\u00e1s. Ningu\u00e9m quer morar em pirambeira, em beira de rio e em \u00e1rea de preserva\u00e7\u00e3o ambiental, mas o atual governo n\u00e3o tem programa habitacional para atender ao povo e o governador se omite em rela\u00e7\u00e3o \u00e0 ocupa\u00e7\u00e3o irregular&#8221;, afirmou o candidato.<\/span><\/p>\n<p>Ex-prefeito de Niter\u00f3i, Rodrigo Neves usa o trabalho que realizou na cidade como exemplo do que pode ser feito na Regi\u00e3o Serrana do estado do Rio de Janeiro.<\/p>\n<p style=\"font-weight: 400;\"><span style=\"font-weight: 400;\">&#8220;H\u00e1 dez anos, quando fui eleito prefeito de Niter\u00f3i, a cidade tamb\u00e9m era um grande desafio de gest\u00e3o, logo ap\u00f3s a trag\u00e9dia do deslizamento do Morro do Bumba. Como resposta a este problema estruturamos a Secretaria de Defesa Civil, que hoje \u00e9 uma das melhores do Brasil, investimos em obras de conten\u00e7\u00e3o de encostas, em estudos e monitoramento do solo, criamos um\u00a0 sistema de alerta e evacua\u00e7\u00e3o de \u00e1reas de risco e desde ent\u00e3o n\u00e3o tivemos mais problemas daquela magnitude&#8221;, exemplificou.\u00a0<\/span><\/p>\n<p style=\"font-weight: 400;\"><strong>Efici\u00eancia em gest\u00e3o<\/strong><\/p>\n<p style=\"font-weight: 400;\"><span style=\"font-weight: 400;\">Ao falar sobre as condi\u00e7\u00f5es or\u00e7ament\u00e1rias do Governo do Estado para assumir novos investimentos, Rodrigo Neves disse que o que falta \u00e9 planejamento e gest\u00e3o de qualidade.<\/span><\/p>\n<p style=\"font-weight: 400;\"><span style=\"font-weight: 400;\">&#8220;A situa\u00e7\u00e3o do estado do Rio de Janeiro \u00e9 muito grave. Vivemos hoje a pior crise econ\u00f4mica e social da hist\u00f3ria do Rio de Janeiro. Mas eu n\u00e3o tenho d\u00favida da capacidade de rea\u00e7\u00e3o do nosso estado a partir de um governo que funcione.\u00a0 Para isso temos um plano integrado elaborado ao longo dos \u00faltimos meses com os melhores especialistas do pa\u00eds, integrando todas as \u00e1reas da administra\u00e7\u00e3o, na dimens\u00e3o da Educa\u00e7\u00e3o, da Sa\u00fade, do Desenvolvimento Econ\u00f4mico, do Emprego e Renda, da Seguran\u00e7a P\u00fablica e do\u00a0 Transporte. Em Niter\u00f3i n\u00f3s modernizamos a administra\u00e7\u00e3o p\u00fablica e estruturamos um modelo de gest\u00e3o orientada para resultados, com plano de metas e pontos de controle da execu\u00e7\u00e3o do or\u00e7amento, e oito anos depois entregamos Niter\u00f3i como a cidade n\u00famero um em gest\u00e3o fiscal e transpar\u00eancia p\u00fablica e a melhor em qualidade de vida no estado do Rio de Janeiro&#8221;, explicou Rodrigo Neves.<\/span><\/p>\n<!-- AddThis Advanced Settings generic via filter on the_content --><!-- AddThis Share Buttons generic via filter on the_content -->","protected":false},"excerpt":{"rendered":"<p>Candidato a governador visitou Petr\u00f3polis, Teres\u00f3polis e Nova Friburgo O candidato a governador pelo PDT, Rodrigo Neves, percorreu, nesta sexta-feira (9), a Regi\u00e3o Serrana em agendas de campanha eleitoral. Em Petr\u00f3polis, Teres\u00f3polis e Nova Friburgo o candidato falou sobre a necessidade de reconstruir a infraestrutura das cidades para que resistam \u00e0s temporadas de chuvas. &#8220;Em&#8230;<!-- AddThis Advanced Settings generic via filter on wp_trim_excerpt --><!-- AddThis Share Buttons generic via filter on wp_trim_excerpt --><\/p>\n","protected":false},"author":17,"featured_media":83485,"comment_status":"closed","ping_status":"closed","sticky":false,"template":"","format":"standard","meta":{"_monsterinsights_skip_tracking":false,"_monsterinsights_sitenote_active":false,"_monsterinsights_sitenote_note":"","_monsterinsights_sitenote_category":0,"_uf_show_specific_survey":0,"_uf_disable_surveys":false,"footnotes":""},"categories":[1390,5414,5415],"tags":[],"class_list":["post-83503","post","type-post","status-publish","format-standard","has-post-thumbnail","hentry","category-editorias","category-estado","category-rodrigo-neves"],"acf":[],"_links":{"self":[{"href":"https:\/\/pdt-rj.org.br\/index.php\/wp-json\/wp\/v2\/posts\/83503","targetHints":{"allow":["GET"]}}],"collection":[{"href":"https:\/\/pdt-rj.org.br\/index.php\/wp-json\/wp\/v2\/posts"}],"about":[{"href":"https:\/\/pdt-rj.org.br\/index.php\/wp-json\/wp\/v2\/types\/post"}],"author":[{"embeddable":true,"href":"https:\/\/pdt-rj.org.br\/index.php\/wp-json\/wp\/v2\/users\/17"}],"replies":[{"embeddable":true,"href":"https:\/\/pdt-rj.org.br\/index.php\/wp-json\/wp\/v2\/comments?post=83503"}],"version-history":[{"count":8,"href":"https:\/\/pdt-rj.org.br\/index.php\/wp-json\/wp\/v2\/posts\/83503\/revisions"}],"predecessor-version":[{"id":83549,"href":"https:\/\/pdt-rj.org.br\/index.php\/wp-json\/wp\/v2\/posts\/83503\/revisions\/83549"}],"wp:featuredmedia":[{"embeddable":true,"href":"https:\/\/pdt-rj.org.br\/index.php\/wp-json\/wp\/v2\/media\/83485"}],"wp:attachment":[{"href":"https:\/\/pdt-rj.org.br\/index.php\/wp-json\/wp\/v2\/media?parent=83503"}],"wp:term":[{"taxonomy":"category","embeddable":true,"href":"https:\/\/pdt-rj.org.br\/index.php\/wp-json\/wp\/v2\/categories?post=83503"},{"taxonomy":"post_tag","embeddable":true,"href":"https:\/\/pdt-rj.org.br\/index.php\/wp-json\/wp\/v2\/tags?post=83503"}],"curies":[{"name":"wp","href":"https:\/\/api.w.org\/{rel}","templated":true}]}}