{"id":83468,"date":"2022-09-06T09:08:11","date_gmt":"2022-09-06T12:08:11","guid":{"rendered":"https:\/\/pdt-rj.org.br\/?p=83468"},"modified":"2022-09-08T11:09:35","modified_gmt":"2022-09-08T14:09:35","slug":"prefeitura-retoma-construcao-da-ubs-reserva-do-pero-e-inicia-reforma-de-outras-duas-unidades-em-cabo-frio","status":"publish","type":"post","link":"https:\/\/pdt-rj.org.br\/index.php\/prefeitura-retoma-construcao-da-ubs-reserva-do-pero-e-inicia-reforma-de-outras-duas-unidades-em-cabo-frio\/","title":{"rendered":"Prefeitura retoma constru\u00e7\u00e3o da UBS Reserva do Per\u00f3 e inicia reforma de outras duas unidades em Cabo Frio"},"content":{"rendered":"<p><strong>Melhorias v\u00e3o refor\u00e7ar os servi\u00e7os da Aten\u00e7\u00e3o Prim\u00e1ria cabo-friense<\/strong><\/p>\n<p>A Prefeitura de Cabo Frio, por meio da Secretaria de Sa\u00fade, segue investindo nas melhorias e na amplia\u00e7\u00e3o da rede de Aten\u00e7\u00e3o Prim\u00e1ria do munic\u00edpio. Parada h\u00e1 quatro anos, a obra para a constru\u00e7\u00e3o da Unidade B\u00e1sica de Sa\u00fade da Reserva do Per\u00f3 foi retomada. J\u00e1 as unidades b\u00e1sicas do Jacar\u00e9 e Tangar\u00e1 est\u00e3o sendo completamente reformadas.<\/p>\n<p>Para a reforma das Unidades B\u00e1sicas de Sa\u00fade (UBS) do Jacar\u00e9 e do Tangar\u00e1 est\u00e3o sendo investidos R$162.364,76 e R$254.643,59, respectivamente. Ambas est\u00e3o sendo custeadas com emendas parlamentares destinadas ao munic\u00edpio. J\u00e1 para a constru\u00e7\u00e3o da unidade da Reserva do Per\u00f3, o munic\u00edpio est\u00e1 investindo R$ 654.416,01 de verba pr\u00f3pria.<\/p>\n<p>Parada h\u00e1 quatro anos, a Unidade B\u00e1sica de Sa\u00fade da Reserva do Per\u00f3 precisar\u00e1 ser reconstru\u00edda, para que a estrutura atenda adequadamente as finalidades do posto.<\/p>\n<p>\u201cRetomar a obra neste bairro \u00e9 uma grande conquista para Cabo Frio. Ao assumir a gest\u00e3o, identificamos que as unidades do Reserva do Per\u00f3, Colinas do Per\u00f3 e Jardim Esperan\u00e7a foram pagas mais de 80% e n\u00e3o foram conclu\u00eddas em governos anteriores. Com a licita\u00e7\u00e3o, a obra para a reconstru\u00e7\u00e3o da Reserva do Per\u00f3 foi retomada; o processo anterior est\u00e1 judicializado, a fim de que a empresa possa responder pela constru\u00e7\u00e3o que n\u00e3o foi finalizada e entregue\u201d, explica a secret\u00e1ria de Sa\u00fade, Erika Borges.<\/p>\n<p>Com execu\u00e7\u00e3o da pr\u00f3pria equipe de manuten\u00e7\u00e3o predial da Secretaria de Sa\u00fade, as ESFs do Cajueiro e do Porto do Carro tamb\u00e9m receberam melhorias. A pr\u00f3xima a ser atendida ser\u00e1 a ESF do Angelim.<\/p>\n<p>\u201cA cada unidade que podemos realizar interven\u00e7\u00f5es e melhorias \u00e9 um ganho que temos para a popula\u00e7\u00e3o e para a equipe que trabalha e se dedica nos espa\u00e7os. Al\u00e9m do nosso cuidado e preocupa\u00e7\u00e3o com o atendimento junto aos moradores, \u00e9 extremamente importante que tenhamos espa\u00e7os adequados para que os servi\u00e7os em sa\u00fade sejam prestados da melhor forma poss\u00edvel\u201d, disse a secret\u00e1ria adjunta de Vigil\u00e2ncia em Sa\u00fade e Aten\u00e7\u00e3o Prim\u00e1ria, Kain\u00e1 Gago.<\/p>\n<!-- AddThis Advanced Settings generic via filter on the_content --><!-- AddThis Share Buttons generic via filter on the_content -->","protected":false},"excerpt":{"rendered":"<p>Melhorias v\u00e3o refor\u00e7ar os servi\u00e7os da Aten\u00e7\u00e3o Prim\u00e1ria cabo-friense A Prefeitura de Cabo Frio, por meio da Secretaria de Sa\u00fade, segue investindo nas melhorias e na amplia\u00e7\u00e3o da rede de Aten\u00e7\u00e3o Prim\u00e1ria do munic\u00edpio. Parada h\u00e1 quatro anos, a obra para a constru\u00e7\u00e3o da Unidade B\u00e1sica de Sa\u00fade da Reserva do Per\u00f3 foi retomada. J\u00e1&#8230;<!-- AddThis Advanced Settings generic via filter on wp_trim_excerpt --><!-- AddThis Share Buttons generic via filter on wp_trim_excerpt --><\/p>\n","protected":false},"author":17,"featured_media":83469,"comment_status":"closed","ping_status":"closed","sticky":false,"template":"","format":"standard","meta":{"_monsterinsights_skip_tracking":false,"_monsterinsights_sitenote_active":false,"_monsterinsights_sitenote_note":"","_monsterinsights_sitenote_category":0,"_uf_show_specific_survey":0,"_uf_disable_surveys":false,"footnotes":""},"categories":[1390,1402],"tags":[],"class_list":["post-83468","post","type-post","status-publish","format-standard","has-post-thumbnail","hentry","category-editorias","category-cidades"],"acf":[],"_links":{"self":[{"href":"https:\/\/pdt-rj.org.br\/index.php\/wp-json\/wp\/v2\/posts\/83468","targetHints":{"allow":["GET"]}}],"collection":[{"href":"https:\/\/pdt-rj.org.br\/index.php\/wp-json\/wp\/v2\/posts"}],"about":[{"href":"https:\/\/pdt-rj.org.br\/index.php\/wp-json\/wp\/v2\/types\/post"}],"author":[{"embeddable":true,"href":"https:\/\/pdt-rj.org.br\/index.php\/wp-json\/wp\/v2\/users\/17"}],"replies":[{"embeddable":true,"href":"https:\/\/pdt-rj.org.br\/index.php\/wp-json\/wp\/v2\/comments?post=83468"}],"version-history":[{"count":3,"href":"https:\/\/pdt-rj.org.br\/index.php\/wp-json\/wp\/v2\/posts\/83468\/revisions"}],"predecessor-version":[{"id":83472,"href":"https:\/\/pdt-rj.org.br\/index.php\/wp-json\/wp\/v2\/posts\/83468\/revisions\/83472"}],"wp:featuredmedia":[{"embeddable":true,"href":"https:\/\/pdt-rj.org.br\/index.php\/wp-json\/wp\/v2\/media\/83469"}],"wp:attachment":[{"href":"https:\/\/pdt-rj.org.br\/index.php\/wp-json\/wp\/v2\/media?parent=83468"}],"wp:term":[{"taxonomy":"category","embeddable":true,"href":"https:\/\/pdt-rj.org.br\/index.php\/wp-json\/wp\/v2\/categories?post=83468"},{"taxonomy":"post_tag","embeddable":true,"href":"https:\/\/pdt-rj.org.br\/index.php\/wp-json\/wp\/v2\/tags?post=83468"}],"curies":[{"name":"wp","href":"https:\/\/api.w.org\/{rel}","templated":true}]}}