{"id":83450,"date":"2022-09-06T19:34:58","date_gmt":"2022-09-06T22:34:58","guid":{"rendered":"https:\/\/pdt-rj.org.br\/?p=83450"},"modified":"2022-09-13T09:26:16","modified_gmt":"2022-09-13T12:26:16","slug":"rodrigo-neves-apresenta-propostas-de-geracao-de-renda","status":"publish","type":"post","link":"https:\/\/pdt-rj.org.br\/index.php\/rodrigo-neves-apresenta-propostas-de-geracao-de-renda\/","title":{"rendered":"Rodrigo Neves apresenta propostas de gera\u00e7\u00e3o de renda"},"content":{"rendered":"<p style=\"font-weight: 400;\"><strong>Em Nova Igua\u00e7u, candidato a governador reafirma aux\u00edlio de R$ 500 e cria\u00e7\u00e3o de 150 mil empregos<\/strong><\/p>\n<p style=\"font-weight: 400;\">Durante caminhada pelo Cal\u00e7ad\u00e3o de Nova Igua\u00e7u, na manh\u00e3 desta ter\u00e7a-feira, dia 6, o candidato a governador do estado do Rio de Janeiro pelo PDT, Rodrigo Neves, conversou com o povo e falou sobre suas propostas de gera\u00e7\u00e3o de emprego e renda para a Baixada Fluminense.<\/p>\n<p style=\"font-weight: 400;\" data-originalfontsize=\"11pt\" data-originalcomputedfontsize=\"14.666666984558105\">\u201cN\u00f3s vamos criar uma renda b\u00e1sica, um aux\u00edlio de R$ 500 para todas as fam\u00edlias mais pobres do estado, como fiz em Niter\u00f3i. N\u00e3o vamos deixar ningu\u00e9m passar fome na Baixada Fluminense. E vamos criar frentes de trabalho para levar \u00e1gua e esgoto tratado a todos os bairros da regi\u00e3o e ao mesmo tempo gerar 150 mil novos empregos\u201d, afirmou.<\/p>\n<p style=\"font-weight: 400;\" data-originalfontsize=\"11pt\" data-originalcomputedfontsize=\"14.666666984558105\">A Sa\u00fade tamb\u00e9m foi um tema abordado por Rodrigo. \u201cVamos levar o programa Sa\u00fade da Fam\u00edlia para todos os bairros e todas as regi\u00f5es, contratar mais m\u00e9dicos e garantir o funcionamento das UPAs e hospitais estaduais\u201d.<\/p>\n<p><strong data-removefontsize=\"true\" data-originalcomputedfontsize=\"14.666666984558105\">Carreata e caminhada<\/strong><\/p>\n<p>\u00c0 tarde, Rodrigo Neves participou de carreata que atravessou S\u00e3o Gon\u00e7alo, percorrendo bairros de todas as regi\u00f5es da cidade, e de caminhada na Rua Paulo Gustavo, em Icara\u00ed, Zona Sul de Niter\u00f3i, onde conversou com o povo sobre a oportunidade de levar os projetos de sucesso que realizou em Niter\u00f3i para todas as cidades do estado do Rio de Janeiro.<\/p>\n<p>&#8220;Temos agora a chance de reconstruir o estado do Rio de Janeiro assim como reconstru\u00edmos Niter\u00f3i, com muito trabalho, com uma equipe que sabe planejar e executar pol\u00edticas p\u00fablicas, com um governador que j\u00e1 provou que sabe governar e sobretudo com compromisso com o povo&#8221;, afirmou Rodrigo Neves.<\/p>\n<!-- AddThis Advanced Settings generic via filter on the_content --><!-- AddThis Share Buttons generic via filter on the_content -->","protected":false},"excerpt":{"rendered":"<p>Em Nova Igua\u00e7u, candidato a governador reafirma aux\u00edlio de R$ 500 e cria\u00e7\u00e3o de 150 mil empregos Durante caminhada pelo Cal\u00e7ad\u00e3o de Nova Igua\u00e7u, na manh\u00e3 desta ter\u00e7a-feira, dia 6, o candidato a governador do estado do Rio de Janeiro pelo PDT, Rodrigo Neves, conversou com o povo e falou sobre suas propostas de gera\u00e7\u00e3o&#8230;<!-- AddThis Advanced Settings generic via filter on wp_trim_excerpt --><!-- AddThis Share Buttons generic via filter on wp_trim_excerpt --><\/p>\n","protected":false},"author":17,"featured_media":83451,"comment_status":"closed","ping_status":"closed","sticky":false,"template":"","format":"standard","meta":{"_monsterinsights_skip_tracking":false,"_monsterinsights_sitenote_active":false,"_monsterinsights_sitenote_note":"","_monsterinsights_sitenote_category":0,"_uf_show_specific_survey":0,"_uf_disable_surveys":false,"footnotes":""},"categories":[1390,5414,5415],"tags":[],"class_list":["post-83450","post","type-post","status-publish","format-standard","has-post-thumbnail","hentry","category-editorias","category-estado","category-rodrigo-neves"],"acf":[],"_links":{"self":[{"href":"https:\/\/pdt-rj.org.br\/index.php\/wp-json\/wp\/v2\/posts\/83450","targetHints":{"allow":["GET"]}}],"collection":[{"href":"https:\/\/pdt-rj.org.br\/index.php\/wp-json\/wp\/v2\/posts"}],"about":[{"href":"https:\/\/pdt-rj.org.br\/index.php\/wp-json\/wp\/v2\/types\/post"}],"author":[{"embeddable":true,"href":"https:\/\/pdt-rj.org.br\/index.php\/wp-json\/wp\/v2\/users\/17"}],"replies":[{"embeddable":true,"href":"https:\/\/pdt-rj.org.br\/index.php\/wp-json\/wp\/v2\/comments?post=83450"}],"version-history":[{"count":3,"href":"https:\/\/pdt-rj.org.br\/index.php\/wp-json\/wp\/v2\/posts\/83450\/revisions"}],"predecessor-version":[{"id":83538,"href":"https:\/\/pdt-rj.org.br\/index.php\/wp-json\/wp\/v2\/posts\/83450\/revisions\/83538"}],"wp:featuredmedia":[{"embeddable":true,"href":"https:\/\/pdt-rj.org.br\/index.php\/wp-json\/wp\/v2\/media\/83451"}],"wp:attachment":[{"href":"https:\/\/pdt-rj.org.br\/index.php\/wp-json\/wp\/v2\/media?parent=83450"}],"wp:term":[{"taxonomy":"category","embeddable":true,"href":"https:\/\/pdt-rj.org.br\/index.php\/wp-json\/wp\/v2\/categories?post=83450"},{"taxonomy":"post_tag","embeddable":true,"href":"https:\/\/pdt-rj.org.br\/index.php\/wp-json\/wp\/v2\/tags?post=83450"}],"curies":[{"name":"wp","href":"https:\/\/api.w.org\/{rel}","templated":true}]}}