{"id":83447,"date":"2022-09-07T10:23:08","date_gmt":"2022-09-07T13:23:08","guid":{"rendered":"https:\/\/pdt-rj.org.br\/?p=83447"},"modified":"2022-09-09T12:32:06","modified_gmt":"2022-09-09T15:32:06","slug":"com-campanha-digital-centro-de-memoria-divulga-literatura-trabalhista","status":"publish","type":"post","link":"https:\/\/pdt-rj.org.br\/index.php\/com-campanha-digital-centro-de-memoria-divulga-literatura-trabalhista\/","title":{"rendered":"Com campanha digital, Centro de Mem\u00f3ria divulga literatura trabalhista"},"content":{"rendered":"<p><strong>Livros de Ciro Gomes e Carlos Lupi ganham destaque no lan\u00e7amento do projeto<\/strong><\/p>\n<p>O Centro de Mem\u00f3ria Trabalhista (CMT) lan\u00e7ou, nesta quarta-feira (7), o projeto \u201cQuarta Liter\u00e1ria\u201d. Atrav\u00e9s de uma campanha pelas redes sociais, o \u00f3rg\u00e3o vinculado \u00e0 Funda\u00e7\u00e3o Leonel Brizola \u2013 Alberto Pasqualini (FLB-AP) promover\u00e1 a divulga\u00e7\u00e3o semanal de livros atrelados \u00e0 vertente pol\u00edtica norteadora do PDT.<\/p>\n<p>Entre os primeiros destaques, duas obras essenciais:\u00a0<a href=\"https:\/\/www.amazon.com.br\/Projeto-Nacional-esperan%C3%A7a-Ciro-Gomes\/dp\/655643003X\">\u201cProjeto nacional: o dever da esperan\u00e7a\u201d<\/a>, do candidato pedetista a presidente da Rep\u00fablica, Ciro Gomes, e\u00a0<a href=\"https:\/\/www.amazon.com.br\/Um-golpe-contra-os-trabalhadores-ebook\/dp\/B0881BJ522\/ref=sr_1_1?__mk_pt_BR=%C3%85M%C3%85%C5%BD%C3%95%C3%91&amp;keywords=um+golpe+contra+os+trabalhadores&amp;qid=1588954426&amp;sr=8-1\">&#8220;Um golpe contra os trabalhadores\u201d<\/a>, do presidente nacional do PDT, Carlos Lupi.<\/p>\n<p>Na publica\u00e7\u00e3o do ex-governador do Cear\u00e1, que acumula\u00a0cerca de 220 mil exemplares vendidos desde 2020, o plano de governo trabalhista \u00e9 apresentado como alternativa para a retomada de um progresso econ\u00f4mico socialmente respons\u00e1vel, como j\u00e1 registrado na Era Vargas.<\/p>\n<p>\u201c\u00c9 minha contribui\u00e7\u00e3o pessoal a uma reflex\u00e3o inadi\u00e1vel sobre o Brasil, as ra\u00edzes de seus graves problemas e as pistas para sua solu\u00e7\u00e3o\u201d, escreveu Ciro, na introdu\u00e7\u00e3o.<\/p>\n<p>Ex-ministro do Trabalho e Emprego, Lupi relatou que seu livro, de 2019, representa, al\u00e9m de um protesto contra o desmonte e esvaziamento da pasta nos \u00faltimos anos, o combate \u00e0s reiteradas tentativas de supress\u00e3o das conquistas trabalhistas ao longo dos governos de Michel Temer e Jair Bolsonaro.<\/p>\n<p>\u201c\u00c9 tamb\u00e9m uma homenagem aos trabalhadores, a Get\u00falio Vargas, Jo\u00e3o Goulart, a Brizola e ao Trabalhismo\u201d, avaliou Lupi, ao citar o pref\u00e1cio assinado por Ciro Gomes.<\/p>\n<!-- AddThis Advanced Settings generic via filter on the_content --><!-- AddThis Share Buttons generic via filter on the_content -->","protected":false},"excerpt":{"rendered":"<p>Livros de Ciro Gomes e Carlos Lupi ganham destaque no lan\u00e7amento do projeto O Centro de Mem\u00f3ria Trabalhista (CMT) lan\u00e7ou, nesta quarta-feira (7), o projeto \u201cQuarta Liter\u00e1ria\u201d. Atrav\u00e9s de uma campanha pelas redes sociais, o \u00f3rg\u00e3o vinculado \u00e0 Funda\u00e7\u00e3o Leonel Brizola \u2013 Alberto Pasqualini (FLB-AP) promover\u00e1 a divulga\u00e7\u00e3o semanal de livros atrelados \u00e0 vertente pol\u00edtica&#8230;<!-- AddThis Advanced Settings generic via filter on wp_trim_excerpt --><!-- AddThis Share Buttons generic via filter on wp_trim_excerpt --><\/p>\n","protected":false},"author":17,"featured_media":83448,"comment_status":"closed","ping_status":"closed","sticky":false,"template":"","format":"standard","meta":{"_monsterinsights_skip_tracking":false,"_monsterinsights_sitenote_active":false,"_monsterinsights_sitenote_note":"","_monsterinsights_sitenote_category":0,"_uf_show_specific_survey":0,"_uf_disable_surveys":false,"footnotes":""},"categories":[1390,1401],"tags":[],"class_list":["post-83447","post","type-post","status-publish","format-standard","has-post-thumbnail","hentry","category-editorias","category-nacional"],"acf":[],"_links":{"self":[{"href":"https:\/\/pdt-rj.org.br\/index.php\/wp-json\/wp\/v2\/posts\/83447","targetHints":{"allow":["GET"]}}],"collection":[{"href":"https:\/\/pdt-rj.org.br\/index.php\/wp-json\/wp\/v2\/posts"}],"about":[{"href":"https:\/\/pdt-rj.org.br\/index.php\/wp-json\/wp\/v2\/types\/post"}],"author":[{"embeddable":true,"href":"https:\/\/pdt-rj.org.br\/index.php\/wp-json\/wp\/v2\/users\/17"}],"replies":[{"embeddable":true,"href":"https:\/\/pdt-rj.org.br\/index.php\/wp-json\/wp\/v2\/comments?post=83447"}],"version-history":[{"count":2,"href":"https:\/\/pdt-rj.org.br\/index.php\/wp-json\/wp\/v2\/posts\/83447\/revisions"}],"predecessor-version":[{"id":83481,"href":"https:\/\/pdt-rj.org.br\/index.php\/wp-json\/wp\/v2\/posts\/83447\/revisions\/83481"}],"wp:featuredmedia":[{"embeddable":true,"href":"https:\/\/pdt-rj.org.br\/index.php\/wp-json\/wp\/v2\/media\/83448"}],"wp:attachment":[{"href":"https:\/\/pdt-rj.org.br\/index.php\/wp-json\/wp\/v2\/media?parent=83447"}],"wp:term":[{"taxonomy":"category","embeddable":true,"href":"https:\/\/pdt-rj.org.br\/index.php\/wp-json\/wp\/v2\/categories?post=83447"},{"taxonomy":"post_tag","embeddable":true,"href":"https:\/\/pdt-rj.org.br\/index.php\/wp-json\/wp\/v2\/tags?post=83447"}],"curies":[{"name":"wp","href":"https:\/\/api.w.org\/{rel}","templated":true}]}}