{"id":83438,"date":"2022-09-05T11:38:20","date_gmt":"2022-09-05T14:38:20","guid":{"rendered":"https:\/\/pdt-rj.org.br\/?p=83438"},"modified":"2022-09-06T19:37:48","modified_gmt":"2022-09-06T22:37:48","slug":"eleicoes-2022-pdt-lanca-131-jovens-para-disputar-vagas-na-camara-e-assembleias","status":"publish","type":"post","link":"https:\/\/pdt-rj.org.br\/index.php\/eleicoes-2022-pdt-lanca-131-jovens-para-disputar-vagas-na-camara-e-assembleias\/","title":{"rendered":"Elei\u00e7\u00f5es 2022: PDT lan\u00e7a 131 jovens para disputar vagas na C\u00e2mara e assembleias"},"content":{"rendered":"<p><strong>Recorde de candidaturas retrata o sucesso do projeto &#8220;Rebeldia na urna&#8221;, da Juventude Socialista<\/strong><\/p>\n<p>O PDT lan\u00e7ou 131 jovens trabalhistas para disputar as vagas na C\u00e2mara dos Deputados e nas assembleias legislativas de todo o pa\u00eds. O recorde de candidaturas, nas elei\u00e7\u00f5es deste ano, retrata o sucesso do projeto &#8220;Rebeldia na urna&#8221;, que foi estruturado pela Juventude Socialista (JS) a partir de dois pilares: forma\u00e7\u00e3o e engajamento de novas lideran\u00e7as.<\/p>\n<p>Representando 10,2% do total de 1274 postulantes do partido aos parlamentos, a nominata apoiada pelo movimento ter\u00e1 97 candidatos a deputado estadual e 34 a deputado federal. Segundo a dire\u00e7\u00e3o da JS, a meta \u00e9 acumular cerca de 1 milh\u00e3o de votos.<\/p>\n<p>Para o presidente nacional do movimento de coopera\u00e7\u00e3o pedetista, William Rodrigues, a constru\u00e7\u00e3o coletiva permitir\u00e1 \u00eaxitos que extrapolam o processo de conquista de cadeiras, pois \u201cgarantem a manuten\u00e7\u00e3o de resultados efetivos a longo prazo\u201d.<\/p>\n<p>\u201cCom o apoio da Dire\u00e7\u00e3o Nacional do PDT, a partir do presidente Carlos Lupi, a voz do jovem trabalhista vai ecoar ainda mais pelas tribunas de cada regi\u00e3o do nosso Brasil\u201d, comentou.<\/p>\n<p>\u201c\u00c9 o legado de Get\u00falio Vargas, Jo\u00e3o Goulart e Leonel Brizola fortalecido no legislativo, bem como no Executivo, a partir da vit\u00f3ria do nosso presidenci\u00e1vel Ciro Gomes\u201d, destacou.<\/p>\n<!-- AddThis Advanced Settings generic via filter on the_content --><!-- AddThis Share Buttons generic via filter on the_content -->","protected":false},"excerpt":{"rendered":"<p>Recorde de candidaturas retrata o sucesso do projeto &#8220;Rebeldia na urna&#8221;, da Juventude Socialista O PDT lan\u00e7ou 131 jovens trabalhistas para disputar as vagas na C\u00e2mara dos Deputados e nas assembleias legislativas de todo o pa\u00eds. O recorde de candidaturas, nas elei\u00e7\u00f5es deste ano, retrata o sucesso do projeto &#8220;Rebeldia na urna&#8221;, que foi estruturado&#8230;<!-- AddThis Advanced Settings generic via filter on wp_trim_excerpt --><!-- AddThis Share Buttons generic via filter on wp_trim_excerpt --><\/p>\n","protected":false},"author":17,"featured_media":83439,"comment_status":"closed","ping_status":"closed","sticky":false,"template":"","format":"standard","meta":{"_monsterinsights_skip_tracking":false,"_monsterinsights_sitenote_active":false,"_monsterinsights_sitenote_note":"","_monsterinsights_sitenote_category":0,"_uf_show_specific_survey":0,"_uf_disable_surveys":false,"footnotes":""},"categories":[1390,1401],"tags":[],"class_list":["post-83438","post","type-post","status-publish","format-standard","has-post-thumbnail","hentry","category-editorias","category-nacional"],"acf":[],"_links":{"self":[{"href":"https:\/\/pdt-rj.org.br\/index.php\/wp-json\/wp\/v2\/posts\/83438","targetHints":{"allow":["GET"]}}],"collection":[{"href":"https:\/\/pdt-rj.org.br\/index.php\/wp-json\/wp\/v2\/posts"}],"about":[{"href":"https:\/\/pdt-rj.org.br\/index.php\/wp-json\/wp\/v2\/types\/post"}],"author":[{"embeddable":true,"href":"https:\/\/pdt-rj.org.br\/index.php\/wp-json\/wp\/v2\/users\/17"}],"replies":[{"embeddable":true,"href":"https:\/\/pdt-rj.org.br\/index.php\/wp-json\/wp\/v2\/comments?post=83438"}],"version-history":[{"count":2,"href":"https:\/\/pdt-rj.org.br\/index.php\/wp-json\/wp\/v2\/posts\/83438\/revisions"}],"predecessor-version":[{"id":83454,"href":"https:\/\/pdt-rj.org.br\/index.php\/wp-json\/wp\/v2\/posts\/83438\/revisions\/83454"}],"wp:featuredmedia":[{"embeddable":true,"href":"https:\/\/pdt-rj.org.br\/index.php\/wp-json\/wp\/v2\/media\/83439"}],"wp:attachment":[{"href":"https:\/\/pdt-rj.org.br\/index.php\/wp-json\/wp\/v2\/media?parent=83438"}],"wp:term":[{"taxonomy":"category","embeddable":true,"href":"https:\/\/pdt-rj.org.br\/index.php\/wp-json\/wp\/v2\/categories?post=83438"},{"taxonomy":"post_tag","embeddable":true,"href":"https:\/\/pdt-rj.org.br\/index.php\/wp-json\/wp\/v2\/tags?post=83438"}],"curies":[{"name":"wp","href":"https:\/\/api.w.org\/{rel}","templated":true}]}}