{"id":83418,"date":"2022-09-03T19:44:23","date_gmt":"2022-09-03T22:44:23","guid":{"rendered":"https:\/\/pdt-rj.org.br\/?p=83418"},"modified":"2022-09-10T00:00:03","modified_gmt":"2022-09-10T03:00:03","slug":"rodrigo-neves-visita-a-portela-e-fala-sobre-investimentos-em-cultura","status":"publish","type":"post","link":"https:\/\/pdt-rj.org.br\/index.php\/rodrigo-neves-visita-a-portela-e-fala-sobre-investimentos-em-cultura\/","title":{"rendered":"Rodrigo Neves visita a Portela e fala sobre investimentos em Cultura"},"content":{"rendered":"<p style=\"font-weight: 400;\"><strong>Candidato a governador participa da tradicional feijoada ao lado do prefeito Eduardo Paes e de Tia Surica<\/strong><\/p>\n<p style=\"font-weight: 400;\" data-originalfontsize=\"11pt\" data-originalcomputedfontsize=\"14.666666984558105\">Neste s\u00e1bado, dia 3, o candidato a governador pelo PDT, Rodrigo Neves, prestigiou a Feijoada da Portela ao lado do prefeito do Rio de Janeiro, Eduardo Paes, do presidente do PDT, Carlos Lupi e da presidente de honra da Escola de Samba, Tia Surica. Na quadra da escola, o pedetista falou sobre a necessidade de o Estado investir no incentivo \u00e0 Cultura, ao Samba e ao Carnaval. Antes, pela manh\u00e3, Neves participou de caminhada em Jacarepagu\u00e1.<\/p>\n<p style=\"font-weight: 400;\" data-originalfontsize=\"11pt\" data-originalcomputedfontsize=\"14.666666984558105\">Rodrigo Neves foi recebido na quadra da Portela, em Madureira, com apresenta\u00e7\u00e3o da bateria, passistas e baianas e reverenciou o pavilh\u00e3o da escola.<\/p>\n<p style=\"font-weight: 400;\" data-originalfontsize=\"11pt\" data-originalcomputedfontsize=\"14.666666984558105\">\u201c\u00c9 sempre uma honra estar aqui na Portela, especialmente ao lado da Tia Surica e do Eduardo Paes. Juntos, n\u00f3s vamos trabalhar para fortalecer cada vez mais a Cultura e o Samba no Rio de Janeiro. O nosso Carnaval \u00e9 a maior festa popular do mundo, e \u00e0 frente do Governo do Estado n\u00f3s vamos trazer muito apoio para o Carnaval do Rio\u201d, comentou Rodrigo Neves.<\/p>\n<p style=\"font-weight: 400;\" data-originalfontsize=\"11pt\" data-originalcomputedfontsize=\"14.666666984558105\">Portelense, Eduardo Paes brincou com Rodrigo Neves sobre a visita \u00e0 quadra da Escola: \u201cEle escolheu vir aqui na Portela porque esta \u00e9 a maior Escola de Samba do mundo, com todo respeito a todas as demais agremia\u00e7\u00f5es, inclusive aquela l\u00e1 de Niter\u00f3i que andou ganhando campeonato uns anos atr\u00e1s\u201d, disse Paes, se referindo \u00e0 Viradouro, escola de samba niteroiense campe\u00e3 de Carnaval de 2020 e frequentada por Rodrigo Neves, que foi prefeito de Niter\u00f3i por oito anos.<\/p>\n<p style=\"font-weight: 400;\"><strong data-removefontsize=\"true\" data-originalcomputedfontsize=\"14.666666984558105\">Emprego e renda<\/strong><\/p>\n<p style=\"font-weight: 400;\" data-originalfontsize=\"11pt\" data-originalcomputedfontsize=\"14.666666984558105\">Pela manh\u00e3, Rodrigo Neves participou de caminhada na Taquara, em Jacarepagu\u00e1, onde conversou com vendedores do com\u00e9rcio popular e ambulantes sobre seus planos para a gera\u00e7\u00e3o de empregos e renda.<\/p>\n<p style=\"font-weight: 400;\"><span data-originalfontsize=\"11pt\" data-originalcomputedfontsize=\"14.666666984558105\">\u201cNosso compromisso \u00e9 fazer o estado do Rio de Janeiro voltar a gerar emprego e renda. Planejamos gerar 150 mil empregos nos primeiros dois anos, com frentes de trabalho; garantir um programa de renda b\u00e1sica para todas as fam\u00edlias mais pobres, para que ningu\u00e9m passe fome no estado do Rio de Janeiro; e tamb\u00e9m garantir a eleva\u00e7\u00e3o do sal\u00e1rio m\u00ednimo regional, com responsabilidade fiscal, para R$ 1.550 a partir de 2023\u201d, disse Neves.<\/span><\/p>\n<!-- AddThis Advanced Settings generic via filter on the_content --><!-- AddThis Share Buttons generic via filter on the_content -->","protected":false},"excerpt":{"rendered":"<p>Candidato a governador participa da tradicional feijoada ao lado do prefeito Eduardo Paes e de Tia Surica Neste s\u00e1bado, dia 3, o candidato a governador pelo PDT, Rodrigo Neves, prestigiou a Feijoada da Portela ao lado do prefeito do Rio de Janeiro, Eduardo Paes, do presidente do PDT, Carlos Lupi e da presidente de honra&#8230;<!-- AddThis Advanced Settings generic via filter on wp_trim_excerpt --><!-- AddThis Share Buttons generic via filter on wp_trim_excerpt --><\/p>\n","protected":false},"author":17,"featured_media":83419,"comment_status":"closed","ping_status":"closed","sticky":false,"template":"","format":"standard","meta":{"_monsterinsights_skip_tracking":false,"_monsterinsights_sitenote_active":false,"_monsterinsights_sitenote_note":"","_monsterinsights_sitenote_category":0,"_uf_show_specific_survey":0,"_uf_disable_surveys":false,"footnotes":""},"categories":[1390,5417,5414,5415],"tags":[],"class_list":["post-83418","post","type-post","status-publish","format-standard","has-post-thumbnail","hentry","category-editorias","category-carlos-lupi","category-estado","category-rodrigo-neves"],"acf":[],"_links":{"self":[{"href":"https:\/\/pdt-rj.org.br\/index.php\/wp-json\/wp\/v2\/posts\/83418","targetHints":{"allow":["GET"]}}],"collection":[{"href":"https:\/\/pdt-rj.org.br\/index.php\/wp-json\/wp\/v2\/posts"}],"about":[{"href":"https:\/\/pdt-rj.org.br\/index.php\/wp-json\/wp\/v2\/types\/post"}],"author":[{"embeddable":true,"href":"https:\/\/pdt-rj.org.br\/index.php\/wp-json\/wp\/v2\/users\/17"}],"replies":[{"embeddable":true,"href":"https:\/\/pdt-rj.org.br\/index.php\/wp-json\/wp\/v2\/comments?post=83418"}],"version-history":[{"count":5,"href":"https:\/\/pdt-rj.org.br\/index.php\/wp-json\/wp\/v2\/posts\/83418\/revisions"}],"predecessor-version":[{"id":83489,"href":"https:\/\/pdt-rj.org.br\/index.php\/wp-json\/wp\/v2\/posts\/83418\/revisions\/83489"}],"wp:featuredmedia":[{"embeddable":true,"href":"https:\/\/pdt-rj.org.br\/index.php\/wp-json\/wp\/v2\/media\/83419"}],"wp:attachment":[{"href":"https:\/\/pdt-rj.org.br\/index.php\/wp-json\/wp\/v2\/media?parent=83418"}],"wp:term":[{"taxonomy":"category","embeddable":true,"href":"https:\/\/pdt-rj.org.br\/index.php\/wp-json\/wp\/v2\/categories?post=83418"},{"taxonomy":"post_tag","embeddable":true,"href":"https:\/\/pdt-rj.org.br\/index.php\/wp-json\/wp\/v2\/tags?post=83418"}],"curies":[{"name":"wp","href":"https:\/\/api.w.org\/{rel}","templated":true}]}}